{"id":3763,"date":"2022-10-14T17:07:16","date_gmt":"2022-10-14T17:07:16","guid":{"rendered":"http:\/\/172.27.0.121\/?p=3763"},"modified":"2022-10-14T17:07:16","modified_gmt":"2022-10-14T17:07:16","slug":"gobierno-nacional-continua-desplegado-para-atender-a-familias-de-las-tejerias","status":"publish","type":"post","link":"https:\/\/prensapresidencialvenezuela.gob.ve\/index.php\/2022\/10\/14\/gobierno-nacional-continua-desplegado-para-atender-a-familias-de-las-tejerias\/","title":{"rendered":"Gobierno Nacional contin\u00faa desplegado para atender a familias de Las Tejer\u00edas\u00a0"},"content":{"rendered":"\n<p><strong>Palacio de Miraflores, Caracas.- <\/strong>Ante la situaci\u00f3n generada por el deslave ocurrido el s\u00e1bado 8 de octubre en Las Tejer\u00edas, ubicado en el estado Aragua, el presidente de la Rep\u00fablica, Nicol\u00e1s Maduro, se mantiene en comunicaci\u00f3n permanente con el equipo del Gobierno Nacional desplegado en el sector El B\u00e9isbol.<\/p>\n\n\n\n<p>En un mensaje difundido en su cuenta de la red social Twitter, @NicolasMaduro, detall\u00f3 estar atento a los reportes enviados en tiempo real por la vicepresidenta de la Rep\u00fablica, Delcy Rodr\u00edguez; as\u00ed como los ministros y ministras sobre la atenci\u00f3n integral de las familias afectadas.<\/p>\n\n\n\n<p>\u201cEstoy muy pendiente de los reportes que me llegan en tiempo real de la Vicepresidenta, de los Ministros, Ministras, y de todo el equipo de Gobierno que se encuentra desplegado a lo largo y ancho de Las Tejer\u00edas, coordinando y atendiendo al pueblo\u201d, puntualiz\u00f3.<\/p>\n\n\n\n<p>De acuerdo con el vicepresidente de Seguridad Ciudadana y Paz, Remigio Ceballos Ichaso, la cantidad de fallecidos asciende a 50, mientras que la cifra de desaparecidos se ubica en 56.<\/p>\n\n\n\n<p>En aras de garantizar las labores de recuperaci\u00f3n del sector El B\u00e9isbol, el martes 11 de octubre, el Jefe de Estado design\u00f3 oficialmente al G\/D Juan Sulbar\u00e1n Quintero como Autoridad \u00danica de Las Tejer\u00edas.<\/p>\n\n\n\n<p>Asimismo, el Mandatario autoriz\u00f3 el dep\u00f3sito de una bonificaci\u00f3n especial a la poblaci\u00f3n afectada por la tragedia de Las Tejer\u00edas a trav\u00e9s del Sistema Patria.<\/p>\n\n\n\n<p><strong>Prensa Presidencial \/ Karelis Gonz\u00e1lez<\/strong><\/p>\n","protected":false},"excerpt":{"rendered":"<p>Palacio de Miraflores, Caracas.- Ante la situaci\u00f3n generada por el deslave ocurrido el s\u00e1bado 8 de octubre en Las Tejer\u00edas, ubicado en el estado Aragua, el presidente de la Rep\u00fablica, Nicol\u00e1s Maduro, se mantiene en comunicaci\u00f3n permanente con el equipo del Gobierno Nacional desplegado en el sector El B\u00e9isbol. En un mensaje difundido en su [&hellip;]<\/p>\n","protected":false},"author":6,"featured_media":3725,"comment_status":"open","ping_status":"open","sticky":false,"template":"","format":"standard","meta":{"footnotes":""},"categories":[18,7],"tags":[30,67,19,27,20],"class_list":["post-3763","post","type-post","status-publish","format-standard","has-post-thumbnail","hentry","category-noticias-principales","category-notas-de-prensa","tag-destacado","tag-las-tejerias","tag-nicolas-maduro","tag-revolucion-bolivariana","tag-venezuela"],"_links":{"self":[{"href":"https:\/\/prensapresidencialvenezuela.gob.ve\/index.php\/wp-json\/wp\/v2\/posts\/3763","targetHints":{"allow":["GET"]}}],"collection":[{"href":"https:\/\/prensapresidencialvenezuela.gob.ve\/index.php\/wp-json\/wp\/v2\/posts"}],"about":[{"href":"https:\/\/prensapresidencialvenezuela.gob.ve\/index.php\/wp-json\/wp\/v2\/types\/post"}],"author":[{"embeddable":true,"href":"https:\/\/prensapresidencialvenezuela.gob.ve\/index.php\/wp-json\/wp\/v2\/users\/6"}],"replies":[{"embeddable":true,"href":"https:\/\/prensapresidencialvenezuela.gob.ve\/index.php\/wp-json\/wp\/v2\/comments?post=3763"}],"version-history":[{"count":1,"href":"https:\/\/prensapresidencialvenezuela.gob.ve\/index.php\/wp-json\/wp\/v2\/posts\/3763\/revisions"}],"predecessor-version":[{"id":3764,"href":"https:\/\/prensapresidencialvenezuela.gob.ve\/index.php\/wp-json\/wp\/v2\/posts\/3763\/revisions\/3764"}],"wp:featuredmedia":[{"embeddable":true,"href":"https:\/\/prensapresidencialvenezuela.gob.ve\/index.php\/wp-json\/wp\/v2\/media\/3725"}],"wp:attachment":[{"href":"https:\/\/prensapresidencialvenezuela.gob.ve\/index.php\/wp-json\/wp\/v2\/media?parent=3763"}],"wp:term":[{"taxonomy":"category","embeddable":true,"href":"https:\/\/prensapresidencialvenezuela.gob.ve\/index.php\/wp-json\/wp\/v2\/categories?post=3763"},{"taxonomy":"post_tag","embeddable":true,"href":"https:\/\/prensapresidencialvenezuela.gob.ve\/index.php\/wp-json\/wp\/v2\/tags?post=3763"}],"curies":[{"name":"wp","href":"https:\/\/api.w.org\/{rel}","templated":true}]}}