{"id":3788,"date":"2022-10-20T23:12:09","date_gmt":"2022-10-20T23:12:09","guid":{"rendered":"http:\/\/172.27.0.121\/?p=3788"},"modified":"2022-10-20T23:12:09","modified_gmt":"2022-10-20T23:12:09","slug":"presidente-maduro-conmemora-los-diez-anos-del-golpe-de-timon","status":"publish","type":"post","link":"https:\/\/prensapresidencialvenezuela.gob.ve\/index.php\/2022\/10\/20\/presidente-maduro-conmemora-los-diez-anos-del-golpe-de-timon\/","title":{"rendered":"Presidente Maduro conmemora los diez a\u00f1os del Golpe de Tim\u00f3n"},"content":{"rendered":"\n<p><strong>Municipio Sim\u00f3n Planas, estado Lara.- <\/strong>El presidente de la Rep\u00fablica Bolivariana de Venezuela, Nicol\u00e1s Maduro,&nbsp; conmemora el<\/p>\n\n\n\n<p>10\u00b0 Aniversario del Golpe de Tim\u00f3n, con una visita a la Comuna El Maizal, que cuenta con m\u00e1s de cien productores activos y organizados y 170 hect\u00e1reas de ma\u00edz sembradas.<\/p>\n\n\n\n<p>Fue el 20 de octubre de 2012 cuando el comandante Hugo Ch\u00e1vez pronuncia&nbsp; su proclama y anuncia el cambio de \u00e9poca, llamado que ha sido materializado por el presidente Maduro con el cumplimiento de la premisa de la Comuna o nada.<\/p>\n\n\n\n<p>Con el Gobierno de calle se inicia la defensa y construcci\u00f3n, junto al pueblo, de la Comuna, el poder Constituyente, Comit\u00e9s Locales de Abastecimiento y Producci\u00f3n (CLAP), la Nueva Etapa de Transici\u00f3n al Socialismo (3R.Nets) y las Brigadas Comunitarias Militares, Escolares y de Salud (Bricomiles) como algunas acciones de un gobierno popular para crear m\u00e1s poder y mejores condiciones para ejercerlo.<\/p>\n\n\n\n<p>Este jueves, la Comuna El Maizal tambi\u00e9n es una referencia de la lucha comunal activa a escala nacional y se caracteriza por la organizaci\u00f3n desde lo pol\u00edtico y productivo, como banderas que identifican este espacio desde el a\u00f1o 2009 cuando el comandante Hugo Ch\u00e1vez un 5 de marzo asign\u00f3 estas tierras a las Salas de Batalla comunal, y el 29 de noviembre de ese mismo a\u00f1o realiz\u00f3 su emblem\u00e1tico programa Al\u00f3 Presidente para destacar las bondades y avances del trabajo productivo desde este lugar.<\/p>\n\n\n\n<p>Esta comuna \u201ccomenz\u00f3 a organizarse pol\u00edticamente y productivamente desde el a\u00f1o 2009; y hemos crecido, arrancando en el 2009 con la siembra s\u00f3lo de caraotas, y actualmente hemos avanzado en el tema de la producci\u00f3n de ganado, ma\u00edz, hortalizas, insumos\u201d, adem\u00e1s de afianzar la \u201cconciencia pol\u00edtica con la que cuenta este predio con la existencia de la Escuela de Formaci\u00f3n T\u00e9cnica y Pol\u00edtica del Maizal en la que se da a conocer la lucha de izquierda a los j\u00f3venes del sector\u201d, relata uno de los productores de la comuna socialista Jhonatan Berm\u00fadez.&nbsp;<\/p>\n\n\n\n<p>El lugar alberga una Unidad de Producci\u00f3n de Semilla, a trav\u00e9s del Banco de Semilla, \u201cproyecto conjunto con el Movimiento Sin Tierra (MST) de la Rep\u00fablica Federativa del Brasil, gracias al cual se produce la semilla de ma\u00edz, caraota, frijol y quinchoncho\u201d, destaca Berm\u00fadez, quien adem\u00e1s se\u00f1ala en el marco del inicio de la cosecha de ma\u00edz (este 20 de octubre) que una de las metas es industrializar esta \u00e1rea cada vez m\u00e1s.<\/p>\n\n\n\n<p>El jefe de Estado visita esta comuna en pleno inicio de la cosecha del ma\u00edz en esta comuna en la que hay 24 consejos comunales, de los cuales 14 pertenecen el estado Lara y a Portuguesa.<\/p>\n\n\n\n<p>En 2009 tambi\u00e9n se conform\u00f3 la Empresa de Mecanizaci\u00f3n y Siembra Ezequiel Zamora, con 150 hect\u00e1reas de caraotas, desde all\u00ed se imparte una importante tarea en el tema productivo, luego naci\u00f3 en 2010 la Empresa de Propiedad Social Directa Comunal Argimiro Gabaldon, que contempla el \u00e1rea de la ganader\u00eda.<\/p>\n\n\n\n<p>Esta empresa se subdivide en las \u00e1reas: Ganader\u00eda de Leche (ganado girolanda, vacas de orde\u00f1o y las fufalinda) ; ganado de engorde y el pie de cr\u00eda, en el lugar, que se ubica en 588 cabezas.<\/p>\n\n\n\n<p>Trece a\u00f1os despu\u00e9s de haber sido entregadas estas tierras a las Salas de Batalla, la comuna \u201cha crecido de manera relevante desde el punto de vista productivo\u201d, destaca Berm\u00fadez, quien recalca que en el entorno de esta comuna se \u201capalancan otras unidades de producci\u00f3n\u201d.<\/p>\n\n\n\n<p>Se conoci\u00f3 que desde&nbsp; el a\u00f1o 2010 hasta la fecha se han cosechado 20 millones 244 mil kilos de ma\u00edz en esta comuna, de forma consecutiva.<\/p>\n\n\n\n<p>Acompa\u00f1an al jefe de Estado venezolano, Cilia Flores, Primera Combatiente de la Rep\u00fablica; Primitivo Cede\u00f1o; Gobernador del estado Portuguesa.; Jorge Arreaza, ministro del Poder Popular para las Comunas y los Movimientos Sociales; MG Sidney Ram\u00f3n L\u00e1zaro Partidas, Comandante de la REDI Los Llanos; y GD Jos\u00e9 Gregorio Escalona Brice\u00f1o,&nbsp; Comandante de la ZODI Portuguesa.<\/p>\n\n\n\n<p>A la fecha, existen alrededor de 49 mil Consejos Comunales, y un m\u00e1s de 3.600 comu\u00f1as a escala nacional.<\/p>\n\n\n\n<p><strong>Prensa Presidencial\/ Anais P\u00e9rez<\/strong><\/p>\n","protected":false},"excerpt":{"rendered":"<p>Municipio Sim\u00f3n Planas, estado Lara.- El presidente de la Rep\u00fablica Bolivariana de Venezuela, Nicol\u00e1s Maduro,&nbsp; conmemora el 10\u00b0 Aniversario del Golpe de Tim\u00f3n, con una visita a la Comuna El Maizal, que cuenta con m\u00e1s de cien productores activos y organizados y 170 hect\u00e1reas de ma\u00edz sembradas. Fue el 20 de octubre de 2012 cuando [&hellip;]<\/p>\n","protected":false},"author":6,"featured_media":3789,"comment_status":"open","ping_status":"open","sticky":false,"template":"","format":"standard","meta":{"footnotes":""},"categories":[18,7],"tags":[30,19,27,20],"class_list":["post-3788","post","type-post","status-publish","format-standard","has-post-thumbnail","hentry","category-noticias-principales","category-notas-de-prensa","tag-destacado","tag-nicolas-maduro","tag-revolucion-bolivariana","tag-venezuela"],"_links":{"self":[{"href":"https:\/\/prensapresidencialvenezuela.gob.ve\/index.php\/wp-json\/wp\/v2\/posts\/3788","targetHints":{"allow":["GET"]}}],"collection":[{"href":"https:\/\/prensapresidencialvenezuela.gob.ve\/index.php\/wp-json\/wp\/v2\/posts"}],"about":[{"href":"https:\/\/prensapresidencialvenezuela.gob.ve\/index.php\/wp-json\/wp\/v2\/types\/post"}],"author":[{"embeddable":true,"href":"https:\/\/prensapresidencialvenezuela.gob.ve\/index.php\/wp-json\/wp\/v2\/users\/6"}],"replies":[{"embeddable":true,"href":"https:\/\/prensapresidencialvenezuela.gob.ve\/index.php\/wp-json\/wp\/v2\/comments?post=3788"}],"version-history":[{"count":1,"href":"https:\/\/prensapresidencialvenezuela.gob.ve\/index.php\/wp-json\/wp\/v2\/posts\/3788\/revisions"}],"predecessor-version":[{"id":3790,"href":"https:\/\/prensapresidencialvenezuela.gob.ve\/index.php\/wp-json\/wp\/v2\/posts\/3788\/revisions\/3790"}],"wp:featuredmedia":[{"embeddable":true,"href":"https:\/\/prensapresidencialvenezuela.gob.ve\/index.php\/wp-json\/wp\/v2\/media\/3789"}],"wp:attachment":[{"href":"https:\/\/prensapresidencialvenezuela.gob.ve\/index.php\/wp-json\/wp\/v2\/media?parent=3788"}],"wp:term":[{"taxonomy":"category","embeddable":true,"href":"https:\/\/prensapresidencialvenezuela.gob.ve\/index.php\/wp-json\/wp\/v2\/categories?post=3788"},{"taxonomy":"post_tag","embeddable":true,"href":"https:\/\/prensapresidencialvenezuela.gob.ve\/index.php\/wp-json\/wp\/v2\/tags?post=3788"}],"curies":[{"name":"wp","href":"https:\/\/api.w.org\/{rel}","templated":true}]}}