{"id":3838,"date":"2022-10-27T22:31:13","date_gmt":"2022-10-27T22:31:13","guid":{"rendered":"http:\/\/172.27.0.121\/?p=3838"},"modified":"2022-10-27T22:31:13","modified_gmt":"2022-10-27T22:31:13","slug":"gmvv-replantea-dinamica-de-trabajo-para-enfrentar-embates-del-cambio-climatico","status":"publish","type":"post","link":"https:\/\/prensapresidencialvenezuela.gob.ve\/index.php\/2022\/10\/27\/gmvv-replantea-dinamica-de-trabajo-para-enfrentar-embates-del-cambio-climatico\/","title":{"rendered":"GMVV replantea din\u00e1mica de trabajo para enfrentar embates del cambio clim\u00e1tico"},"content":{"rendered":"\n<p><strong>Ocumare del Tuy, estado Miranda. \u2013 <\/strong>El presidente de la Rep\u00fablica Bolivariana de Venezuela, Nicol\u00e1s Maduro, llam\u00f3 a que la Gran Misi\u00f3n Vivienda Venezuela (GMVV) reoriente y replantee su din\u00e1mica de trabajo para ponerse a la altura de la coyuntura producto de los embates del cambio clim\u00e1tico, la cual ha afectado a distintos estados del territorio nacional.<\/p>\n\n\n\n<p>El jefe de Estado precis\u00f3 que hasta el momento 378 viviendas en la ciudad de Las Tejer\u00edas han sido identificadas en zonas de alto riesgo y en este sentido deben ser demolidas, mientras que ya se iniciaron los mecanismos de abordaje a las familias afectadas.<\/p>\n\n\n\n<p>En tanto, la realizaci\u00f3n del mapa de riesgo en la zona, a partir del Puesto de Comando Presidencial, en el trabajo c\u00edvico-militar conjunto, ha arrojado que hay que desalojar toda la zona de riesgo y garantizar una vivienda digna a cada una de las familias.<\/p>\n\n\n\n<p>El ministro del Poder Popular para H\u00e1bitat y Vivienda, Ildemaro Villarroel, agreg\u00f3 que la atenci\u00f3n de los embates de esta tragedia ser\u00e1 atendida en dos fases: la primera, la GMVV ayudar\u00e1 a salvar vidas, diagnosticar las viviendas y activar refugios.<\/p>\n\n\n\n<p>Una segunda fase, contempla la atenci\u00f3n a las familias que permanecen en refugios y posteriormente garantizar sus viviendas.<\/p>\n\n\n\n<p>Villarroel indic\u00f3 que el estudio de zonificaci\u00f3n permiti\u00f3 determinar la existencia de estas 378 viviendas afectadas en Las Tejer\u00edas.<\/p>\n\n\n\n<p>Al respecto, el jefe del despacho ministerial inform\u00f3 que se ha realizado el abordaje de estas familias que ya se encuentran en refugios solidarios.<\/p>\n\n\n\n<p>\u201cDe esas 378 familias, ya se maneja un plan de acci\u00f3n con el que se culminar\u00e1n 440 viviendas en la zona de Aragua en Ca\u00f1a de Az\u00facar y 339 viviendas en un \u00e1rea que design\u00f3 el Comit\u00e9 Cient\u00edfico\u201d, un plan a culminar de ac\u00e1 a seis meses, detall\u00f3.&nbsp;<\/p>\n\n\n\n<p>Se conoci\u00f3 que este jueves ocho familias de Las Tejer\u00edas recibieron sus viviendas en este Urbanismo ubicado en Ocumare del Tuy. \u00a1Bienvenidas esas familias aqu\u00ed al calor de Ocumare del Tuy!, expres\u00f3 el jefe de Estado venezolano, quien devel\u00f3 el hito 4.200.000 de la GMVV, \u201crumbo a los 5 millones o m\u00e1s\u201d.<\/p>\n\n\n\n<p><strong>Prensa Presidencial \/ Ana\u00eds P\u00e9rez<\/strong><\/p>\n","protected":false},"excerpt":{"rendered":"<p>Ocumare del Tuy, estado Miranda. \u2013 El presidente de la Rep\u00fablica Bolivariana de Venezuela, Nicol\u00e1s Maduro, llam\u00f3 a que la Gran Misi\u00f3n Vivienda Venezuela (GMVV) reoriente y replantee su din\u00e1mica de trabajo para ponerse a la altura de la coyuntura producto de los embates del cambio clim\u00e1tico, la cual ha afectado a distintos estados del [&hellip;]<\/p>\n","protected":false},"author":6,"featured_media":3839,"comment_status":"open","ping_status":"closed","sticky":false,"template":"","format":"standard","meta":{"footnotes":""},"categories":[18,7],"tags":[30,68,19,27,20],"class_list":["post-3838","post","type-post","status-publish","format-standard","has-post-thumbnail","hentry","category-noticias-principales","category-notas-de-prensa","tag-destacado","tag-gmvv","tag-nicolas-maduro","tag-revolucion-bolivariana","tag-venezuela"],"_links":{"self":[{"href":"https:\/\/prensapresidencialvenezuela.gob.ve\/index.php\/wp-json\/wp\/v2\/posts\/3838","targetHints":{"allow":["GET"]}}],"collection":[{"href":"https:\/\/prensapresidencialvenezuela.gob.ve\/index.php\/wp-json\/wp\/v2\/posts"}],"about":[{"href":"https:\/\/prensapresidencialvenezuela.gob.ve\/index.php\/wp-json\/wp\/v2\/types\/post"}],"author":[{"embeddable":true,"href":"https:\/\/prensapresidencialvenezuela.gob.ve\/index.php\/wp-json\/wp\/v2\/users\/6"}],"replies":[{"embeddable":true,"href":"https:\/\/prensapresidencialvenezuela.gob.ve\/index.php\/wp-json\/wp\/v2\/comments?post=3838"}],"version-history":[{"count":1,"href":"https:\/\/prensapresidencialvenezuela.gob.ve\/index.php\/wp-json\/wp\/v2\/posts\/3838\/revisions"}],"predecessor-version":[{"id":3840,"href":"https:\/\/prensapresidencialvenezuela.gob.ve\/index.php\/wp-json\/wp\/v2\/posts\/3838\/revisions\/3840"}],"wp:featuredmedia":[{"embeddable":true,"href":"https:\/\/prensapresidencialvenezuela.gob.ve\/index.php\/wp-json\/wp\/v2\/media\/3839"}],"wp:attachment":[{"href":"https:\/\/prensapresidencialvenezuela.gob.ve\/index.php\/wp-json\/wp\/v2\/media?parent=3838"}],"wp:term":[{"taxonomy":"category","embeddable":true,"href":"https:\/\/prensapresidencialvenezuela.gob.ve\/index.php\/wp-json\/wp\/v2\/categories?post=3838"},{"taxonomy":"post_tag","embeddable":true,"href":"https:\/\/prensapresidencialvenezuela.gob.ve\/index.php\/wp-json\/wp\/v2\/tags?post=3838"}],"curies":[{"name":"wp","href":"https:\/\/api.w.org\/{rel}","templated":true}]}}