{"id":3844,"date":"2022-10-31T22:10:09","date_gmt":"2022-10-31T22:10:09","guid":{"rendered":"http:\/\/172.27.0.121\/?p=3844"},"modified":"2022-10-31T22:10:09","modified_gmt":"2022-10-31T22:10:09","slug":"nuevas-cartas-credenciales-afianzan-diplomacia-de-paz-venezuela-honduras","status":"publish","type":"post","link":"https:\/\/prensapresidencialvenezuela.gob.ve\/index.php\/2022\/10\/31\/nuevas-cartas-credenciales-afianzan-diplomacia-de-paz-venezuela-honduras\/","title":{"rendered":"Nuevas cartas credenciales afianzan diplomacia de paz Venezuela \u2013 Honduras"},"content":{"rendered":"\n<p><strong>Palacio de Miraflores, Caracas. &#8211;<\/strong> La embajadora Extraordinaria y Plenipotenciaria de Honduras ante la Rep\u00fablica Bolivariana de Venezuela, Scarleth Ivette Romero, presenta sus cartas credenciales al presidente venezolano, Nicol\u00e1s Maduro, en un acto que se realiza en el Palacio de Miraflores. Esta jornada afianza todav\u00eda m\u00e1s las relaciones diplom\u00e1ticas, comerciales y de complementariedad entre ambas naciones.<\/p>\n\n\n\n<p>En octubre de este a\u00f1o, Romero, por designaci\u00f3n de la presidenta hondure\u00f1a, Xiomara Castro, y del Canciller Enrique Reina, tom\u00f3 juramento en este cargo ante la naci\u00f3n suramericana.<\/p>\n\n\n\n<p>Durante el golpe de Estado en Honduras, en junio de 2009, contra Manuel Zelaya, Romero fue electa como primera coordinadora nacional del Frente Nacional de Juventudes en Resistencia (FNJR), y se erigi\u00f3 como militante fundadora del Partido Libertad y Refundaci\u00f3n (LIBRE).<\/p>\n\n\n\n<p>Scarleth Ivette Romero se ha destacado por su participaci\u00f3n en congresos y foros internacionales en representaci\u00f3n de mujeres y j\u00f3venes progresistas y de izquierda de la naci\u00f3n centroamericana.<\/p>\n\n\n\n<p>En su experiencia profesional, destaca su desempe\u00f1o como voluntaria en gesti\u00f3n de proyectos de cooperaci\u00f3n internacional para el desarrollo, ha sido docente en el \u00e1rea de Ciencias Exactas.<\/p>\n\n\n\n<p>Fue coordinadora de gesti\u00f3n y ejecuci\u00f3n de proyectos de desarrollo comunitario, organizaci\u00f3n de las mujeres en la defensa de sus derechos humanos y la organizaci\u00f3n de j\u00f3venes en el ejercicio de sus derechos pol\u00edticos.<\/p>\n\n\n\n<p>La diplom\u00e1tica tambi\u00e9n cumpli\u00f3 funciones como asesora presidencial en el Programa Nacional de Reducci\u00f3n de P\u00e9rdidas de la estatal Empresa Nacional de Energ\u00eda El\u00e9ctrica (ENEE) y ha trabajado \u00abad hon\u00f3rem\u00bb en varias municipalidades e instituciones en el occidente del pa\u00eds en gesti\u00f3n de proyectos de cooperaci\u00f3n internacional para el desarrollo.<\/p>\n\n\n\n<p>Venezuela y Honduras han compartido su adhesi\u00f3n a bloques unionistas como Petrocaribe y la Alianza Bolivariana Para los Pueblos de Nuestra Am\u00e9rica, no obstante, en 2009, cuando se produce el Golpe de Estado contra el presidente Manuel Zelaya, la naci\u00f3n hermana sali\u00f3 del mecanismo integrador, debido a que <a><\/a>la naci\u00f3n centroamericana pas\u00f3 a manos de la ultraderecha.<\/p>\n\n\n\n<p>En mayo de este a\u00f1o, se conoci\u00f3 sobre el posible retorno de Honduras a Petrocaribe, decisi\u00f3n que tom\u00f3 fuerza con las declaraciones del asesor presidencial Jos\u00e9 Manuel Zelaya Rosales, quien dijo que el Gobierno est\u00e1 apuntando al programa venezolano.<\/p>\n\n\n\n<p>A esta ceremonia de entrega de cartas credenciales ante el jefe del Estado venezolano, asisten el canciller venezolano, Carlos Farias; la primera combatiente de la Rep\u00fablica, Cilia Flores; el ministro del despacho de la Presidencia, Jorge M\u00e1rquez, entre otros funcionarios del Gobierno Bolivariano.<\/p>\n\n\n\n<p><strong>Prensa Presidencial \/ Ana\u00eds P\u00e9rez<\/strong><\/p>\n","protected":false},"excerpt":{"rendered":"<p>Palacio de Miraflores, Caracas. &#8211; La embajadora Extraordinaria y Plenipotenciaria de Honduras ante la Rep\u00fablica Bolivariana de Venezuela, Scarleth Ivette Romero, presenta sus cartas credenciales al presidente venezolano, Nicol\u00e1s Maduro, en un acto que se realiza en el Palacio de Miraflores. Esta jornada afianza todav\u00eda m\u00e1s las relaciones diplom\u00e1ticas, comerciales y de complementariedad entre ambas [&hellip;]<\/p>\n","protected":false},"author":6,"featured_media":3845,"comment_status":"open","ping_status":"open","sticky":false,"template":"","format":"standard","meta":{"footnotes":""},"categories":[18,7],"tags":[30,38,19,20],"class_list":["post-3844","post","type-post","status-publish","format-standard","has-post-thumbnail","hentry","category-noticias-principales","category-notas-de-prensa","tag-destacado","tag-diplomacia-bolivariana-de-paz","tag-nicolas-maduro","tag-venezuela"],"_links":{"self":[{"href":"https:\/\/prensapresidencialvenezuela.gob.ve\/index.php\/wp-json\/wp\/v2\/posts\/3844","targetHints":{"allow":["GET"]}}],"collection":[{"href":"https:\/\/prensapresidencialvenezuela.gob.ve\/index.php\/wp-json\/wp\/v2\/posts"}],"about":[{"href":"https:\/\/prensapresidencialvenezuela.gob.ve\/index.php\/wp-json\/wp\/v2\/types\/post"}],"author":[{"embeddable":true,"href":"https:\/\/prensapresidencialvenezuela.gob.ve\/index.php\/wp-json\/wp\/v2\/users\/6"}],"replies":[{"embeddable":true,"href":"https:\/\/prensapresidencialvenezuela.gob.ve\/index.php\/wp-json\/wp\/v2\/comments?post=3844"}],"version-history":[{"count":1,"href":"https:\/\/prensapresidencialvenezuela.gob.ve\/index.php\/wp-json\/wp\/v2\/posts\/3844\/revisions"}],"predecessor-version":[{"id":3846,"href":"https:\/\/prensapresidencialvenezuela.gob.ve\/index.php\/wp-json\/wp\/v2\/posts\/3844\/revisions\/3846"}],"wp:featuredmedia":[{"embeddable":true,"href":"https:\/\/prensapresidencialvenezuela.gob.ve\/index.php\/wp-json\/wp\/v2\/media\/3845"}],"wp:attachment":[{"href":"https:\/\/prensapresidencialvenezuela.gob.ve\/index.php\/wp-json\/wp\/v2\/media?parent=3844"}],"wp:term":[{"taxonomy":"category","embeddable":true,"href":"https:\/\/prensapresidencialvenezuela.gob.ve\/index.php\/wp-json\/wp\/v2\/categories?post=3844"},{"taxonomy":"post_tag","embeddable":true,"href":"https:\/\/prensapresidencialvenezuela.gob.ve\/index.php\/wp-json\/wp\/v2\/tags?post=3844"}],"curies":[{"name":"wp","href":"https:\/\/api.w.org\/{rel}","templated":true}]}}