{"id":3848,"date":"2022-11-01T19:02:00","date_gmt":"2022-11-01T19:02:00","guid":{"rendered":"http:\/\/172.27.0.121\/?p=3848"},"modified":"2022-11-01T19:02:00","modified_gmt":"2022-11-01T19:02:00","slug":"encuentro-maduro-petro-afianza-nueva-etapa-de-cooperacion-entre-venezuela-y-colombia","status":"publish","type":"post","link":"https:\/\/prensapresidencialvenezuela.gob.ve\/index.php\/2022\/11\/01\/encuentro-maduro-petro-afianza-nueva-etapa-de-cooperacion-entre-venezuela-y-colombia\/","title":{"rendered":"Encuentro Maduro \u2013 Petro afianza nueva etapa de cooperaci\u00f3n entre Venezuela y Colombia"},"content":{"rendered":"\n<p><strong>Palacio de Miraflores, Caracas.- <\/strong>En el primer encuentro bilateral desde el restablecimiento de las relaciones pol\u00edticas y diplom\u00e1ticas, el presidente de la Rep\u00fablica, Nicol\u00e1s Maduro, sostiene este martes una reuni\u00f3n de trabajo con su hom\u00f3logo de Colombia, Gustavo Petro, en el Palacio de Miraflores, ubicado en Caracas.<\/p>\n\n\n\n<p>Bajo los principios de respeto mutuo, autodeterminaci\u00f3n y complementariedad, el di\u00e1logo que se realiza en el Despacho N\u00b0 1, abordar\u00e1 una agenda positiva de cooperaci\u00f3n a partir de la evaluaci\u00f3n de la reapertura de la frontera, que cumple 35 d\u00edas desde la reactivaci\u00f3n del intercambio econ\u00f3mico y comercial.<\/p>\n\n\n\n<p>De acuerdo con la Presidencia de la Rep\u00fablica de Colombia, entre los planteamientos de la delegaci\u00f3n de Gustavo Petro se encuentra, igualmente, el reingreso de Venezuela al Sistema Interamericano de Derechos Humanos.<\/p>\n\n\n\n<p>\u201cEl encuentro hace parte del liderazgo del presidente Gustavo Petro para impulsar la econom\u00eda de la regi\u00f3n y socializar su agenda a favor de los intereses del bloque latinoamericano y la protecci\u00f3n de la Amazon\u00eda; y como parte de las reuniones preliminares a la COP 27\u201d, refiere un comunicado difundido por la Presidencia de la Rep\u00fablica de Colombia.<\/p>\n\n\n\n<p>M\u00e1s temprano, desde el Aeropuerto Internacional El Dorado, situado en Bogot\u00e1, Petro detall\u00f3 que debatir\u00e1n \u201cen una agenda abierta\u201d que adem\u00e1s tocar\u00e1 la dignificaci\u00f3n de los migrantes colombianos y venezolanos, as\u00ed como la construcci\u00f3n democr\u00e1tica de Am\u00e9rica que \u201cen mi opini\u00f3n, debe consistir en el fortalecimiento del Sistema Interamericano de Derechos Humanos\u201d.<\/p>\n\n\n\n<p>La ceremonia de bienvenida en el Aeropuerto Internacional de Maiquet\u00eda Sim\u00f3n Bol\u00edvar, localizado en el estado La Guaira, cont\u00f3 con la presencia de la vicepresidenta elejecutiva. Delcy Rodr\u00edguez, el canciiller Carlos Far\u00eda, entre otras autoridades del Ejecutivo nacional.<\/p>\n\n\n\n<p>Acompa\u00f1an al Jefe de Estado, como parte de su equipo de trabajo, la vicepresidenta Ejecutiva, Delcy Rodr\u00edguez; el canciller de la Rep\u00fablica, Carlos Far\u00eda; el embajador de Venezuela en Colombia, F\u00e9lix Plasencia; e integrantes del equipo ministerial.<\/p>\n\n\n\n<p>En tanto, la delegaci\u00f3n neogranadina est\u00e1 integrada por la jefa del Gabinete de la Presidencia, Laura Sarabia; el ministro de Relaciones Exteriores, \u00c1lvaro Leyva Dur\u00e1n; el embajador de Colombia ante la Organizaci\u00f3n de Estados Americanos (OEA); el embajador de Colombia en Venezuela, Armando Benedetti, el consejero presidencial para la Informaci\u00f3n y Prensa, Germ\u00e1n G\u00f3mez; y el director general de Protocolo del Ministerio de Relaciones Exteriores, C\u00e9sar Gonz\u00e1lez.<\/p>\n\n\n\n<p><strong>Prensa Presidencial \/ Karelis Gonz\u00e1lez<\/strong><\/p>\n","protected":false},"excerpt":{"rendered":"<p>Palacio de Miraflores, Caracas.- En el primer encuentro bilateral desde el restablecimiento de las relaciones pol\u00edticas y diplom\u00e1ticas, el presidente de la Rep\u00fablica, Nicol\u00e1s Maduro, sostiene este martes una reuni\u00f3n de trabajo con su hom\u00f3logo de Colombia, Gustavo Petro, en el Palacio de Miraflores, ubicado en Caracas. Bajo los principios de respeto mutuo, autodeterminaci\u00f3n y [&hellip;]<\/p>\n","protected":false},"author":6,"featured_media":0,"comment_status":"open","ping_status":"open","sticky":false,"template":"","format":"standard","meta":{"footnotes":""},"categories":[18,7],"tags":[40,30,38,19,20],"class_list":["post-3848","post","type-post","status-publish","format-standard","hentry","category-noticias-principales","category-notas-de-prensa","tag-colombia","tag-destacado","tag-diplomacia-bolivariana-de-paz","tag-nicolas-maduro","tag-venezuela"],"_links":{"self":[{"href":"https:\/\/prensapresidencialvenezuela.gob.ve\/index.php\/wp-json\/wp\/v2\/posts\/3848","targetHints":{"allow":["GET"]}}],"collection":[{"href":"https:\/\/prensapresidencialvenezuela.gob.ve\/index.php\/wp-json\/wp\/v2\/posts"}],"about":[{"href":"https:\/\/prensapresidencialvenezuela.gob.ve\/index.php\/wp-json\/wp\/v2\/types\/post"}],"author":[{"embeddable":true,"href":"https:\/\/prensapresidencialvenezuela.gob.ve\/index.php\/wp-json\/wp\/v2\/users\/6"}],"replies":[{"embeddable":true,"href":"https:\/\/prensapresidencialvenezuela.gob.ve\/index.php\/wp-json\/wp\/v2\/comments?post=3848"}],"version-history":[{"count":1,"href":"https:\/\/prensapresidencialvenezuela.gob.ve\/index.php\/wp-json\/wp\/v2\/posts\/3848\/revisions"}],"predecessor-version":[{"id":3849,"href":"https:\/\/prensapresidencialvenezuela.gob.ve\/index.php\/wp-json\/wp\/v2\/posts\/3848\/revisions\/3849"}],"wp:attachment":[{"href":"https:\/\/prensapresidencialvenezuela.gob.ve\/index.php\/wp-json\/wp\/v2\/media?parent=3848"}],"wp:term":[{"taxonomy":"category","embeddable":true,"href":"https:\/\/prensapresidencialvenezuela.gob.ve\/index.php\/wp-json\/wp\/v2\/categories?post=3848"},{"taxonomy":"post_tag","embeddable":true,"href":"https:\/\/prensapresidencialvenezuela.gob.ve\/index.php\/wp-json\/wp\/v2\/tags?post=3848"}],"curies":[{"name":"wp","href":"https:\/\/api.w.org\/{rel}","templated":true}]}}