{"id":38571,"date":"2026-01-21T19:01:23","date_gmt":"2026-01-21T23:01:23","guid":{"rendered":"https:\/\/prensapresidencialvenezuela.gob.ve\/?p=38571"},"modified":"2026-01-21T19:01:23","modified_gmt":"2026-01-21T23:01:23","slug":"gobierno-de-cuba-se-solidariza-con-el-pueblo-venezolano-por-los-heroes-y-heroinas-que-murieron-en-combate-el-3-enero","status":"publish","type":"post","link":"https:\/\/prensapresidencialvenezuela.gob.ve\/index.php\/2026\/01\/21\/gobierno-de-cuba-se-solidariza-con-el-pueblo-venezolano-por-los-heroes-y-heroinas-que-murieron-en-combate-el-3-enero\/","title":{"rendered":"Gobierno de Cuba se solidariza con el pueblo venezolano por los h\u00e9roes y hero\u00ednas que murieron en combate el 3-Enero"},"content":{"rendered":"\n<p><strong>Palacio de Miraflores, Caracas. \u2013 <\/strong>Durante el primer Consejo Federal de Gobierno (CFG) del 2026, la presidenta encargada de la Rep\u00fablica Bolivariana de Venezuela, Delcy Rodr\u00edguez, agradeci\u00f3 al presidente de Cuba, Miguel D\u00edaz-Canel, por los mensajes de solidaridad y condolencia que envi\u00f3 a los familiares y al pueblo venezolano en general, por los h\u00e9roes y hero\u00ednas que murieron en combate en la agresi\u00f3n militar del pasado 3 de enero. <\/p>\n\n\n\n<p>En este sentido, la Mandataria venezolana subray\u00f3 que estas expresiones fueron emitidas durante una llamada telef\u00f3nica que sostuvo con el jefe de Estado de la hermana Cuba, a quien, de igual manera, le reiter\u00f3 las indulgencias por los 32 h\u00e9roes cubanos que murieron en ese combate, que \u00abmurieron por Venezuela, y murieron por el concepto, por el ser en la unidad, y sentirnos hijos e hijas de la Patria Grande\u00bb. <\/p>\n\n\n\n<p>\u00abMantenernos unidos en las causas justas de Am\u00e9rica Latina nos anima, anima nuestra estima como venezolanos y venezolanas, nos anima a seguir juntos en este proceso que es ineludible e inevitable, que es la unidad de nuestros pueblos, la unidad de los pueblos de Am\u00e9rica y el Caribe, como una poderosa fuerza, como lo concibi\u00f3 Bol\u00edvar(\u2026), expres\u00f3 Rodr\u00edguez durante su alocuci\u00f3n. <\/p>\n\n\n\n<p>En esta l\u00ednea, la Presidenta Encargada resalt\u00f3 que Am\u00e9rica Latina y el Caribe son ejemplo de uni\u00f3n, para quienes tiene un concepto distinto de expansionismo, de hegemon\u00eda, de imponer su visi\u00f3n por v\u00edas distintas al entendimiento, al di\u00e1logo y a la diplomacia. <\/p>\n\n\n\n<p><strong>Prensa Presidencial\/ Irmary D\u00edaz<\/strong><\/p>\n\n\n\n<p><canvas width=\"18\" height=\"18\"><\/canvas><\/p>\n","protected":false},"excerpt":{"rendered":"<p>Palacio de Miraflores, Caracas. \u2013 Durante el primer Consejo Federal de Gobierno (CFG) del 2026, la presidenta encargada de la Rep\u00fablica Bolivariana de Venezuela, Delcy Rodr\u00edguez, agradeci\u00f3 al presidente de Cuba, Miguel D\u00edaz-Canel, por los mensajes de solidaridad y condolencia que envi\u00f3 a los familiares y al pueblo venezolano en general, por los h\u00e9roes y [&hellip;]<\/p>\n","protected":false},"author":15,"featured_media":38572,"comment_status":"open","ping_status":"open","sticky":false,"template":"","format":"standard","meta":{"footnotes":""},"categories":[18,7],"tags":[],"class_list":["post-38571","post","type-post","status-publish","format-standard","has-post-thumbnail","hentry","category-noticias-principales","category-notas-de-prensa"],"_links":{"self":[{"href":"https:\/\/prensapresidencialvenezuela.gob.ve\/index.php\/wp-json\/wp\/v2\/posts\/38571","targetHints":{"allow":["GET"]}}],"collection":[{"href":"https:\/\/prensapresidencialvenezuela.gob.ve\/index.php\/wp-json\/wp\/v2\/posts"}],"about":[{"href":"https:\/\/prensapresidencialvenezuela.gob.ve\/index.php\/wp-json\/wp\/v2\/types\/post"}],"author":[{"embeddable":true,"href":"https:\/\/prensapresidencialvenezuela.gob.ve\/index.php\/wp-json\/wp\/v2\/users\/15"}],"replies":[{"embeddable":true,"href":"https:\/\/prensapresidencialvenezuela.gob.ve\/index.php\/wp-json\/wp\/v2\/comments?post=38571"}],"version-history":[{"count":1,"href":"https:\/\/prensapresidencialvenezuela.gob.ve\/index.php\/wp-json\/wp\/v2\/posts\/38571\/revisions"}],"predecessor-version":[{"id":38573,"href":"https:\/\/prensapresidencialvenezuela.gob.ve\/index.php\/wp-json\/wp\/v2\/posts\/38571\/revisions\/38573"}],"wp:featuredmedia":[{"embeddable":true,"href":"https:\/\/prensapresidencialvenezuela.gob.ve\/index.php\/wp-json\/wp\/v2\/media\/38572"}],"wp:attachment":[{"href":"https:\/\/prensapresidencialvenezuela.gob.ve\/index.php\/wp-json\/wp\/v2\/media?parent=38571"}],"wp:term":[{"taxonomy":"category","embeddable":true,"href":"https:\/\/prensapresidencialvenezuela.gob.ve\/index.php\/wp-json\/wp\/v2\/categories?post=38571"},{"taxonomy":"post_tag","embeddable":true,"href":"https:\/\/prensapresidencialvenezuela.gob.ve\/index.php\/wp-json\/wp\/v2\/tags?post=38571"}],"curies":[{"name":"wp","href":"https:\/\/api.w.org\/{rel}","templated":true}]}}