{"id":3860,"date":"2022-11-01T23:11:13","date_gmt":"2022-11-01T23:11:13","guid":{"rendered":"http:\/\/172.27.0.121\/?p=3860"},"modified":"2022-11-01T23:11:13","modified_gmt":"2022-11-01T23:11:13","slug":"venezuela-y-colombia-unifican-estrategias-de-cara-a-la-cop27","status":"publish","type":"post","link":"https:\/\/prensapresidencialvenezuela.gob.ve\/index.php\/2022\/11\/01\/venezuela-y-colombia-unifican-estrategias-de-cara-a-la-cop27\/","title":{"rendered":"Venezuela y Colombia unifican estrategias de cara a la COP27"},"content":{"rendered":"\n<p><strong>Palacio de Miraflores, Caracas.- <\/strong>Los gobiernos de Venezuela y Colombia, resaltaron la necesidad de unificar una pol\u00edtica en defensa de la Selva Amaz\u00f3nica, a prop\u00f3sito de celebrarse en los pr\u00f3ximos d\u00edas la Conferencia de las Naciones Unidas sobre el Cambio Clim\u00e1tico 2022, conocida como COP 27, en Egipto.<\/p>\n\n\n\n<p>\u201cHemos conversado sobre la necesidad de llevar una posici\u00f3n com\u00fan, como Am\u00e9rica del Sur, como Am\u00e9rica Latina y del Caribe, a la COP 27 en Egipto; y todos los temas del cambio clim\u00e1tico como temas fundamentales hoy por hoy de supervivencia de la especie humana\u201d, destac\u00f3 el presidente de la Rep\u00fablica, Nicol\u00e1s Maduro, durante la firma de la declaraci\u00f3n conjunta entre ambos mandatarios.<\/p>\n\n\n\n<p>En contexto, su hom\u00f3logo colombiano Gustavo Petro, puntualiz\u00f3 sobre la importancia de revitalizar, recuperar y defender \u201cel pilar clim\u00e1tico fundamental del planeta para la existencia humana, la Selva Amaz\u00f3nica\u201d.<\/p>\n\n\n\n<p>\u201cEs un esfuerzo com\u00fan de los pa\u00edses que tenemos responsabilidad de la selva amaz\u00f3nica (\u2026), debemos ayudarnos mutuamente y esperemos que Brasil se integre a una lucha que tiene que ser de la humanidad\u201d, acot\u00f3 Petro.<\/p>\n\n\n\n<p>Al respecto, ratific\u00f3 que el sistema capitalista es el responsable del desequilibrio ambiental lo que ha provocado la destrucci\u00f3n del planeta. \u201cEs un proceso que debemos detener y que tiene que ver con un sistema econ\u00f3mico que se usa intensivamente en el mundo\u201d.<\/p>\n\n\n\n<p>La COP 27, se llevar\u00e1 a cabo del 6 al 18 de noviembre en Sharm El Sheikh, Egipto, y re\u00fane a m\u00e1s de 90 pa\u00edses de la regi\u00f3n y altas autoridades vinculadas con la discusi\u00f3n sobre los temas de acci\u00f3n clim\u00e1tica de Am\u00e9rica Latina y el Caribe.<\/p>\n\n\n\n<p><strong>Fortalecimiento del comercio bilateral<\/strong><\/p>\n\n\n\n<p>Por otra parte, Petro inform\u00f3 que empresarios de ambos pa\u00edses se reunir\u00e1n en Cartagena, con el objetivo de impulsar el comercio y producci\u00f3n entre ambos pa\u00edses, a fin de fortalecer \u201clas bases de un comercio poderoso, plural, donde el peque\u00f1o campesino y las econom\u00edas populares tengan participaci\u00f3n\u201d.<\/p>\n\n\n\n<p>Finalmente, aplaudi\u00f3 el encuentro en suelo venezolano, lo que permitir\u00e1 retomar las relaciones de cooperaci\u00f3n e integraci\u00f3n.<\/p>\n\n\n\n<p>&nbsp;\u201cEstamos mezclados por la historia, por una ra\u00edz com\u00fan y por la sangre. Por tanto, separar a las Naciones se convierte en una aventura suicida (\u2026) la amistad entre los dos pueblos debe mantenerse\u201d, finaliz\u00f3 Petro. &nbsp;<\/p>\n\n\n\n<p><strong>Prensa Presidencial\/Joelin Jim\u00e9nez<\/strong><\/p>\n","protected":false},"excerpt":{"rendered":"<p>Palacio de Miraflores, Caracas.- Los gobiernos de Venezuela y Colombia, resaltaron la necesidad de unificar una pol\u00edtica en defensa de la Selva Amaz\u00f3nica, a prop\u00f3sito de celebrarse en los pr\u00f3ximos d\u00edas la Conferencia de las Naciones Unidas sobre el Cambio Clim\u00e1tico 2022, conocida como COP 27, en Egipto. \u201cHemos conversado sobre la necesidad de llevar [&hellip;]<\/p>\n","protected":false},"author":6,"featured_media":3861,"comment_status":"open","ping_status":"open","sticky":false,"template":"","format":"standard","meta":{"footnotes":""},"categories":[18,7],"tags":[40,30,38,19,27,20],"class_list":["post-3860","post","type-post","status-publish","format-standard","has-post-thumbnail","hentry","category-noticias-principales","category-notas-de-prensa","tag-colombia","tag-destacado","tag-diplomacia-bolivariana-de-paz","tag-nicolas-maduro","tag-revolucion-bolivariana","tag-venezuela"],"_links":{"self":[{"href":"https:\/\/prensapresidencialvenezuela.gob.ve\/index.php\/wp-json\/wp\/v2\/posts\/3860","targetHints":{"allow":["GET"]}}],"collection":[{"href":"https:\/\/prensapresidencialvenezuela.gob.ve\/index.php\/wp-json\/wp\/v2\/posts"}],"about":[{"href":"https:\/\/prensapresidencialvenezuela.gob.ve\/index.php\/wp-json\/wp\/v2\/types\/post"}],"author":[{"embeddable":true,"href":"https:\/\/prensapresidencialvenezuela.gob.ve\/index.php\/wp-json\/wp\/v2\/users\/6"}],"replies":[{"embeddable":true,"href":"https:\/\/prensapresidencialvenezuela.gob.ve\/index.php\/wp-json\/wp\/v2\/comments?post=3860"}],"version-history":[{"count":1,"href":"https:\/\/prensapresidencialvenezuela.gob.ve\/index.php\/wp-json\/wp\/v2\/posts\/3860\/revisions"}],"predecessor-version":[{"id":3862,"href":"https:\/\/prensapresidencialvenezuela.gob.ve\/index.php\/wp-json\/wp\/v2\/posts\/3860\/revisions\/3862"}],"wp:featuredmedia":[{"embeddable":true,"href":"https:\/\/prensapresidencialvenezuela.gob.ve\/index.php\/wp-json\/wp\/v2\/media\/3861"}],"wp:attachment":[{"href":"https:\/\/prensapresidencialvenezuela.gob.ve\/index.php\/wp-json\/wp\/v2\/media?parent=3860"}],"wp:term":[{"taxonomy":"category","embeddable":true,"href":"https:\/\/prensapresidencialvenezuela.gob.ve\/index.php\/wp-json\/wp\/v2\/categories?post=3860"},{"taxonomy":"post_tag","embeddable":true,"href":"https:\/\/prensapresidencialvenezuela.gob.ve\/index.php\/wp-json\/wp\/v2\/tags?post=3860"}],"curies":[{"name":"wp","href":"https:\/\/api.w.org\/{rel}","templated":true}]}}