{"id":38600,"date":"2026-01-21T19:12:15","date_gmt":"2026-01-21T23:12:15","guid":{"rendered":"https:\/\/prensapresidencialvenezuela.gob.ve\/?p=38600"},"modified":"2026-01-21T19:26:41","modified_gmt":"2026-01-21T23:26:41","slug":"venezuela-activa-el-reto-admirable-2026-tras-consolidar-19-trimestres-de-crecimiento","status":"publish","type":"post","link":"https:\/\/prensapresidencialvenezuela.gob.ve\/index.php\/2026\/01\/21\/venezuela-activa-el-reto-admirable-2026-tras-consolidar-19-trimestres-de-crecimiento\/","title":{"rendered":"Venezuela activa el \u00abReto Admirable 2026\u00bb tras consolidar 19 trimestres de crecimiento"},"content":{"rendered":"\n<p><strong>Palacio de Miraflores, Caracas.- <\/strong>La presidenta encargada, Delcy Rodr\u00edguez oficializ\u00f3 el lanzamiento del plan estrat\u00e9gico \u00abReto Admirable 2026\u00bb, una hoja de ruta dise\u00f1ada para profundizar la recuperaci\u00f3n productiva del pa\u00eds. <\/p>\n\n\n\n<p>Este anuncio surge tras un 2025 calificado por el presidente Nicol\u00e1s Maduro como un \u00aba\u00f1o milagroso\u00bb, en el cual Venezuela alcanz\u00f3 la cifra hist\u00f3rica de 19 trimestres consecutivos de crecimiento econ\u00f3mico, liderando los \u00edndices de expansi\u00f3n en Suram\u00e9rica y el Caribe a pesar de las presiones externas. <\/p>\n\n\n\n<p>El Plan busca blindar el modelo de protecci\u00f3n social y potenciar la uni\u00f3n de los sectores comunal, agroindustrial, campesino y pesquero. La estrategia, dise\u00f1ada por el Ejecutivo Nacional, se fundamenta en la transparencia presupuestaria y la reinversi\u00f3n de la riqueza en el aparato productivo interno para garantizar que la estabilidad macroecon\u00f3mica se traduzca en una mejora sustancial de la calidad de vida de la familia venezolana. <\/p>\n\n\n\n<p>Con esta iniciativa, el Estado venezolano se propone consolidar una ruta de prosperidad que deje atr\u00e1s definitivamente las heridas de la guerra econ\u00f3mica. <\/p>\n\n\n\n<p>El objetivo central del \u00abReto Admirable\u00bb es fortalecer la soberan\u00eda financiera y mantener el dinamismo de los sectores estrat\u00e9gicos, asegurando que el 2026 supere los logros alcanzados durante el ejercicio fiscal anterior. <\/p>\n\n\n\n<p><strong>Prensa Presidencial\/ Kaylib Maita<\/strong><\/p>\n","protected":false},"excerpt":{"rendered":"<p>Palacio de Miraflores, Caracas.- La presidenta encargada, Delcy Rodr\u00edguez oficializ\u00f3 el lanzamiento del plan estrat\u00e9gico \u00abReto Admirable 2026\u00bb, una hoja de ruta dise\u00f1ada para profundizar la recuperaci\u00f3n productiva del pa\u00eds. Este anuncio surge tras un 2025 calificado por el presidente Nicol\u00e1s Maduro como un \u00aba\u00f1o milagroso\u00bb, en el cual Venezuela alcanz\u00f3 la cifra hist\u00f3rica de [&hellip;]<\/p>\n","protected":false},"author":1,"featured_media":38602,"comment_status":"open","ping_status":"open","sticky":false,"template":"","format":"standard","meta":{"footnotes":""},"categories":[18,7],"tags":[],"class_list":["post-38600","post","type-post","status-publish","format-standard","has-post-thumbnail","hentry","category-noticias-principales","category-notas-de-prensa"],"_links":{"self":[{"href":"https:\/\/prensapresidencialvenezuela.gob.ve\/index.php\/wp-json\/wp\/v2\/posts\/38600","targetHints":{"allow":["GET"]}}],"collection":[{"href":"https:\/\/prensapresidencialvenezuela.gob.ve\/index.php\/wp-json\/wp\/v2\/posts"}],"about":[{"href":"https:\/\/prensapresidencialvenezuela.gob.ve\/index.php\/wp-json\/wp\/v2\/types\/post"}],"author":[{"embeddable":true,"href":"https:\/\/prensapresidencialvenezuela.gob.ve\/index.php\/wp-json\/wp\/v2\/users\/1"}],"replies":[{"embeddable":true,"href":"https:\/\/prensapresidencialvenezuela.gob.ve\/index.php\/wp-json\/wp\/v2\/comments?post=38600"}],"version-history":[{"count":1,"href":"https:\/\/prensapresidencialvenezuela.gob.ve\/index.php\/wp-json\/wp\/v2\/posts\/38600\/revisions"}],"predecessor-version":[{"id":38603,"href":"https:\/\/prensapresidencialvenezuela.gob.ve\/index.php\/wp-json\/wp\/v2\/posts\/38600\/revisions\/38603"}],"wp:featuredmedia":[{"embeddable":true,"href":"https:\/\/prensapresidencialvenezuela.gob.ve\/index.php\/wp-json\/wp\/v2\/media\/38602"}],"wp:attachment":[{"href":"https:\/\/prensapresidencialvenezuela.gob.ve\/index.php\/wp-json\/wp\/v2\/media?parent=38600"}],"wp:term":[{"taxonomy":"category","embeddable":true,"href":"https:\/\/prensapresidencialvenezuela.gob.ve\/index.php\/wp-json\/wp\/v2\/categories?post=38600"},{"taxonomy":"post_tag","embeddable":true,"href":"https:\/\/prensapresidencialvenezuela.gob.ve\/index.php\/wp-json\/wp\/v2\/tags?post=38600"}],"curies":[{"name":"wp","href":"https:\/\/api.w.org\/{rel}","templated":true}]}}