{"id":38623,"date":"2026-01-21T19:02:00","date_gmt":"2026-01-21T23:02:00","guid":{"rendered":"https:\/\/prensapresidencialvenezuela.gob.ve\/?p=38623"},"modified":"2026-01-21T19:55:41","modified_gmt":"2026-01-21T23:55:41","slug":"hay-que-reinstitucionalizar-es-el-ejercicio-responsable-de-la-politica-en-venezuela-asevero-la-presidenta-encargada","status":"publish","type":"post","link":"https:\/\/prensapresidencialvenezuela.gob.ve\/index.php\/2026\/01\/21\/hay-que-reinstitucionalizar-es-el-ejercicio-responsable-de-la-politica-en-venezuela-asevero-la-presidenta-encargada\/","title":{"rendered":"\u00abHay que reinstitucionalizar es el ejercicio responsable de la pol\u00edtica en Venezuela\u00bb, asever\u00f3 la Presidenta Encargada"},"content":{"rendered":"\n<p><strong>Palacio de Miraflores, Caracas. \u2013 <\/strong>Este mi\u00e9rcoles, la presidenta encargada dela Rep\u00fablica Bolivariana de Venezuela, Delcy Rodr\u00edguez, asever\u00f3 que en Venezuela hay que \u00abreinstitucionalizar es el ejercicio responsable de la pol\u00edtica\u00bb, y de esta manera redireccionar las expresiones extremistas y fascistas de algunos sectores de la pol\u00edtica en el pa\u00eds.<\/p>\n\n\n\n<p>En este contexto, tambi\u00e9n manifest\u00f3 que estas expresiones \u00abextremistas y fascistas\u00bb son las que se deben redireccionar y corregir de ra\u00edz; porque \u00abno puede permitirse en Venezuela\u00bb.<\/p>\n\n\n\n<p> \u00abEsto le ha salido demasiado costoso para la vida de la Rep\u00fablica, no puede permitirse expresiones extremistas ni fascistas,a d\u00f3nde nos llevaron, a una agresi\u00f3n militar, a un bloqueo econ\u00f3mico sin precedentes que ha causado sufrimiento socioecon\u00f3mico a nuestro pueblo\u00bb, dijo con especial \u00e9nfasis la Presidenta Encargada para reiterar que la soberan\u00eda venezolana debe ser respetada. <\/p>\n\n\n\n<p>Por \u00faltimo, hizo un llamado a los presentes \u00abde buen \u00e1nimo, de buen coraz\u00f3n\u00bb, a trabajar en uni\u00f3n nacional por la verdadera democratizaci\u00f3n de la pol\u00edtica de Venezuela. <\/p>\n\n\n\n<p><strong>Prensa Presidencial\/ Irmary D\u00edaz<\/strong><\/p>\n","protected":false},"excerpt":{"rendered":"<p>Palacio de Miraflores, Caracas. \u2013 Este mi\u00e9rcoles, la presidenta encargada dela Rep\u00fablica Bolivariana de Venezuela, Delcy Rodr\u00edguez, asever\u00f3 que en Venezuela hay que \u00abreinstitucionalizar es el ejercicio responsable de la pol\u00edtica\u00bb, y de esta manera redireccionar las expresiones extremistas y fascistas de algunos sectores de la pol\u00edtica en el pa\u00eds. En este contexto, tambi\u00e9n manifest\u00f3 [&hellip;]<\/p>\n","protected":false},"author":15,"featured_media":38627,"comment_status":"open","ping_status":"open","sticky":false,"template":"","format":"standard","meta":{"footnotes":""},"categories":[18,7],"tags":[],"class_list":["post-38623","post","type-post","status-publish","format-standard","has-post-thumbnail","hentry","category-noticias-principales","category-notas-de-prensa"],"_links":{"self":[{"href":"https:\/\/prensapresidencialvenezuela.gob.ve\/index.php\/wp-json\/wp\/v2\/posts\/38623","targetHints":{"allow":["GET"]}}],"collection":[{"href":"https:\/\/prensapresidencialvenezuela.gob.ve\/index.php\/wp-json\/wp\/v2\/posts"}],"about":[{"href":"https:\/\/prensapresidencialvenezuela.gob.ve\/index.php\/wp-json\/wp\/v2\/types\/post"}],"author":[{"embeddable":true,"href":"https:\/\/prensapresidencialvenezuela.gob.ve\/index.php\/wp-json\/wp\/v2\/users\/15"}],"replies":[{"embeddable":true,"href":"https:\/\/prensapresidencialvenezuela.gob.ve\/index.php\/wp-json\/wp\/v2\/comments?post=38623"}],"version-history":[{"count":2,"href":"https:\/\/prensapresidencialvenezuela.gob.ve\/index.php\/wp-json\/wp\/v2\/posts\/38623\/revisions"}],"predecessor-version":[{"id":38635,"href":"https:\/\/prensapresidencialvenezuela.gob.ve\/index.php\/wp-json\/wp\/v2\/posts\/38623\/revisions\/38635"}],"wp:featuredmedia":[{"embeddable":true,"href":"https:\/\/prensapresidencialvenezuela.gob.ve\/index.php\/wp-json\/wp\/v2\/media\/38627"}],"wp:attachment":[{"href":"https:\/\/prensapresidencialvenezuela.gob.ve\/index.php\/wp-json\/wp\/v2\/media?parent=38623"}],"wp:term":[{"taxonomy":"category","embeddable":true,"href":"https:\/\/prensapresidencialvenezuela.gob.ve\/index.php\/wp-json\/wp\/v2\/categories?post=38623"},{"taxonomy":"post_tag","embeddable":true,"href":"https:\/\/prensapresidencialvenezuela.gob.ve\/index.php\/wp-json\/wp\/v2\/tags?post=38623"}],"curies":[{"name":"wp","href":"https:\/\/api.w.org\/{rel}","templated":true}]}}