{"id":38907,"date":"2026-01-23T14:36:00","date_gmt":"2026-01-23T18:36:00","guid":{"rendered":"https:\/\/prensapresidencialvenezuela.gob.ve\/?p=38907"},"modified":"2026-01-23T14:49:55","modified_gmt":"2026-01-23T18:49:55","slug":"presidenta-encargada-delcy-rodriguez-sostiene-reunion-con-integrantes-del-programa-para-la-convivencia-y-la-paz-de-venezuela","status":"publish","type":"post","link":"https:\/\/prensapresidencialvenezuela.gob.ve\/index.php\/2026\/01\/23\/presidenta-encargada-delcy-rodriguez-sostiene-reunion-con-integrantes-del-programa-para-la-convivencia-y-la-paz-de-venezuela\/","title":{"rendered":"Presidenta Encargada Delcy Rodr\u00edguez sostiene reuni\u00f3n con integrantes del \u00abPrograma para la Convivencia y la Paz\u00bb de Venezuela"},"content":{"rendered":"\n<p><strong>Palacio de Miraflores, Caracas. \u2013<\/strong><strong> <\/strong>Este viernes, la presidenta encargada de la Rep\u00fablica Bolivariana de Venezuela, Delcy Rodr\u00edguez, lidera reuni\u00f3n con integrantes del Programa para la Convivencia y la Paz, con el objetivo de establecer l\u00edneas estrat\u00e9gicas para promover la tranquilidad del pa\u00eds desde los diversos sectores, en pro del bienestar de la Naci\u00f3n.<\/p>\n\n\n\n<p>En este sentido, es importante recordar que el pasado martes 7 de enero, la Mandataria venezolana solicit\u00f3 ante el Parlamento venezolano promover una Ley para sanar las heridas de los sectores radicales, con el objetivo de fomentar la paz y la conciencia pol\u00edtica, econ\u00f3mica y social.<\/p>\n\n\n\n<figure class=\"wp-block-image size-large\"><img fetchpriority=\"high\" decoding=\"async\" width=\"847\" height=\"1024\" src=\"https:\/\/prensapresidencialvenezuela.gob.ve\/wp-content\/uploads\/2026\/01\/13IMG_6036_P-847x1024.jpg\" alt=\"\" class=\"wp-image-38911\" srcset=\"https:\/\/prensapresidencialvenezuela.gob.ve\/wp-content\/uploads\/2026\/01\/13IMG_6036_P-847x1024.jpg 847w, https:\/\/prensapresidencialvenezuela.gob.ve\/wp-content\/uploads\/2026\/01\/13IMG_6036_P-248x300.jpg 248w, https:\/\/prensapresidencialvenezuela.gob.ve\/wp-content\/uploads\/2026\/01\/13IMG_6036_P-768x928.jpg 768w, https:\/\/prensapresidencialvenezuela.gob.ve\/wp-content\/uploads\/2026\/01\/13IMG_6036_P-1271x1536.jpg 1271w, https:\/\/prensapresidencialvenezuela.gob.ve\/wp-content\/uploads\/2026\/01\/13IMG_6036_P-1695x2048.jpg 1695w\" sizes=\"(max-width: 847px) 100vw, 847px\" \/><\/figure>\n\n\n\n<p>Asimismo, indic\u00f3 que otro de los puntos relevantes de este instrumento legal es erradicar las expresiones sociales, pol\u00edticas, econ\u00f3micas que inciten al odio, ya que las mismas han derivado \u00absituaciones muy peligrosas para el pa\u00eds\u00bb, por lo que, inst\u00f3 a su vez a impulsar programas de paz y convivencia en todos los sectores de Venezuela.<\/p>\n\n\n\n<figure class=\"wp-block-image size-large\"><img decoding=\"async\" width=\"1024\" height=\"683\" src=\"https:\/\/prensapresidencialvenezuela.gob.ve\/wp-content\/uploads\/2026\/01\/24IMG_6268_P-1024x683.jpg\" alt=\"\" class=\"wp-image-38912\" srcset=\"https:\/\/prensapresidencialvenezuela.gob.ve\/wp-content\/uploads\/2026\/01\/24IMG_6268_P-1024x683.jpg 1024w, https:\/\/prensapresidencialvenezuela.gob.ve\/wp-content\/uploads\/2026\/01\/24IMG_6268_P-300x200.jpg 300w, https:\/\/prensapresidencialvenezuela.gob.ve\/wp-content\/uploads\/2026\/01\/24IMG_6268_P-768x512.jpg 768w, https:\/\/prensapresidencialvenezuela.gob.ve\/wp-content\/uploads\/2026\/01\/24IMG_6268_P-1536x1025.jpg 1536w, https:\/\/prensapresidencialvenezuela.gob.ve\/wp-content\/uploads\/2026\/01\/24IMG_6268_P-2048x1366.jpg 2048w\" sizes=\"(max-width: 1024px) 100vw, 1024px\" \/><\/figure>\n\n\n\n<p>Adem\u00e1s, explic\u00f3 que las acciones y expresiones colmadas de intolerancia han \u00abcomprometido la independencia y soberan\u00eda nacional al arrodillarse ofreciendo nuestro pa\u00eds y nuestras riquezas\u00bb; por lo que tambi\u00e9n hizo un llamado a todos los actores pol\u00edticos que hacen vida en el pa\u00eds, para que en conjunto y en uni\u00f3n, los venezolanos avancen hacia una sola direcci\u00f3n, a sanar lo que han sido las consecuencias de la agresi\u00f3n militar del pasado 3 de enero.<strong><\/strong><\/p>\n\n\n\n<p>Aunado a lo antes mencionado, la presidenta encargada Delcy Rodr\u00edguez, el lunes 21 de enero, durante el Consejo Federal de Gobierno (CFG), ratific\u00f3 la voluntad del Ejecutivo Nacional de priorizar el di\u00e1logo y la diplomacia como instrumentos esenciales para la convivencia internacional.<\/p>\n\n\n\n<p><strong>Prensa Presidencial\/ Irmary D\u00edaz<\/strong><\/p>\n","protected":false},"excerpt":{"rendered":"<p>Palacio de Miraflores, Caracas. \u2013 Este viernes, la presidenta encargada de la Rep\u00fablica Bolivariana de Venezuela, Delcy Rodr\u00edguez, lidera reuni\u00f3n con integrantes del Programa para la Convivencia y la Paz, con el objetivo de establecer l\u00edneas estrat\u00e9gicas para promover la tranquilidad del pa\u00eds desde los diversos sectores, en pro del bienestar de la Naci\u00f3n. En [&hellip;]<\/p>\n","protected":false},"author":15,"featured_media":38910,"comment_status":"open","ping_status":"open","sticky":false,"template":"","format":"standard","meta":{"footnotes":""},"categories":[18,7],"tags":[],"class_list":["post-38907","post","type-post","status-publish","format-standard","has-post-thumbnail","hentry","category-noticias-principales","category-notas-de-prensa"],"_links":{"self":[{"href":"https:\/\/prensapresidencialvenezuela.gob.ve\/index.php\/wp-json\/wp\/v2\/posts\/38907","targetHints":{"allow":["GET"]}}],"collection":[{"href":"https:\/\/prensapresidencialvenezuela.gob.ve\/index.php\/wp-json\/wp\/v2\/posts"}],"about":[{"href":"https:\/\/prensapresidencialvenezuela.gob.ve\/index.php\/wp-json\/wp\/v2\/types\/post"}],"author":[{"embeddable":true,"href":"https:\/\/prensapresidencialvenezuela.gob.ve\/index.php\/wp-json\/wp\/v2\/users\/15"}],"replies":[{"embeddable":true,"href":"https:\/\/prensapresidencialvenezuela.gob.ve\/index.php\/wp-json\/wp\/v2\/comments?post=38907"}],"version-history":[{"count":2,"href":"https:\/\/prensapresidencialvenezuela.gob.ve\/index.php\/wp-json\/wp\/v2\/posts\/38907\/revisions"}],"predecessor-version":[{"id":38915,"href":"https:\/\/prensapresidencialvenezuela.gob.ve\/index.php\/wp-json\/wp\/v2\/posts\/38907\/revisions\/38915"}],"wp:featuredmedia":[{"embeddable":true,"href":"https:\/\/prensapresidencialvenezuela.gob.ve\/index.php\/wp-json\/wp\/v2\/media\/38910"}],"wp:attachment":[{"href":"https:\/\/prensapresidencialvenezuela.gob.ve\/index.php\/wp-json\/wp\/v2\/media?parent=38907"}],"wp:term":[{"taxonomy":"category","embeddable":true,"href":"https:\/\/prensapresidencialvenezuela.gob.ve\/index.php\/wp-json\/wp\/v2\/categories?post=38907"},{"taxonomy":"post_tag","embeddable":true,"href":"https:\/\/prensapresidencialvenezuela.gob.ve\/index.php\/wp-json\/wp\/v2\/tags?post=38907"}],"curies":[{"name":"wp","href":"https:\/\/api.w.org\/{rel}","templated":true}]}}