{"id":38924,"date":"2026-01-23T18:12:37","date_gmt":"2026-01-23T22:12:37","guid":{"rendered":"https:\/\/prensapresidencialvenezuela.gob.ve\/?p=38924"},"modified":"2026-01-23T18:12:37","modified_gmt":"2026-01-23T22:12:37","slug":"presidenta-encargada-exhorta-a-realizar-un-encuentro-con-todos-los-sectores-politicos-del-pais","status":"publish","type":"post","link":"https:\/\/prensapresidencialvenezuela.gob.ve\/index.php\/2026\/01\/23\/presidenta-encargada-exhorta-a-realizar-un-encuentro-con-todos-los-sectores-politicos-del-pais\/","title":{"rendered":"Presidenta Encargada exhorta a realizar un encuentro con todos los sectores pol\u00edticos del pa\u00eds"},"content":{"rendered":"\n<p><strong>Palacio de Miraflores, Caracas. \u2013 <\/strong>La presidenta encargada de la Rep\u00fablica Bolivariana de Venezuela, Delcy Rodr\u00edguez, desde el sal\u00f3n \u00abSol del Per\u00fa\u00bb, exhort\u00f3 a Jorge Rodr\u00edguez, en su condici\u00f3n de presidente del Consejo de Soberan\u00eda y Paz de Venezuela,a realizar de manera inmediata un encuentro con todos los sectores pol\u00edticos del pa\u00eds.<\/p>\n\n\n\n<p> En la misma l\u00ednea, la Mandataria venezolana subray\u00f3 que esta reuni\u00f3n es con la finalidad de juntar a todos los \u00absectores pol\u00edticos coincidentes y sectores pol\u00edticos divergentes\u00bb, para as\u00ed convocar a un verdadero di\u00e1logo pol\u00edtico, con resultados concretos e inmediatos.<\/p>\n\n\n\n<p> Adem\u00e1s, puntualiz\u00f3 que \u00abese di\u00e1logo pol\u00edtico tenga un apellido, que sea di\u00e1logo pol\u00edtico venezolano, donde no se impongan m\u00e1s las \u00f3rdenes externas, ni desde Washington, ni desde Bogot\u00e1, ni desde Madrid, no (\u2026) que sea un di\u00e1logo pol\u00edtico venezolano, nacionalizado\u00bb. <\/p>\n\n\n\n<p>Aunado a ello, la Presidenta Encargada hizo un llamado a la reflexi\u00f3n y a mantener la uni\u00f3n por el bienestar y la paz de la Naci\u00f3n, para de esta manera darle un alto a la violencia y el odio; en aras de fortalecer la tranquilidad del pa\u00eds y contribuir al bienestar social del pueblo. <\/p>\n\n\n\n<p><strong>Prensa Presidencial\/ Irmary D\u00edaz<\/strong><\/p>\n","protected":false},"excerpt":{"rendered":"<p>Palacio de Miraflores, Caracas. \u2013 La presidenta encargada de la Rep\u00fablica Bolivariana de Venezuela, Delcy Rodr\u00edguez, desde el sal\u00f3n \u00abSol del Per\u00fa\u00bb, exhort\u00f3 a Jorge Rodr\u00edguez, en su condici\u00f3n de presidente del Consejo de Soberan\u00eda y Paz de Venezuela,a realizar de manera inmediata un encuentro con todos los sectores pol\u00edticos del pa\u00eds. En la misma [&hellip;]<\/p>\n","protected":false},"author":15,"featured_media":38925,"comment_status":"open","ping_status":"open","sticky":false,"template":"","format":"standard","meta":{"footnotes":""},"categories":[18,7],"tags":[],"class_list":["post-38924","post","type-post","status-publish","format-standard","has-post-thumbnail","hentry","category-noticias-principales","category-notas-de-prensa"],"_links":{"self":[{"href":"https:\/\/prensapresidencialvenezuela.gob.ve\/index.php\/wp-json\/wp\/v2\/posts\/38924","targetHints":{"allow":["GET"]}}],"collection":[{"href":"https:\/\/prensapresidencialvenezuela.gob.ve\/index.php\/wp-json\/wp\/v2\/posts"}],"about":[{"href":"https:\/\/prensapresidencialvenezuela.gob.ve\/index.php\/wp-json\/wp\/v2\/types\/post"}],"author":[{"embeddable":true,"href":"https:\/\/prensapresidencialvenezuela.gob.ve\/index.php\/wp-json\/wp\/v2\/users\/15"}],"replies":[{"embeddable":true,"href":"https:\/\/prensapresidencialvenezuela.gob.ve\/index.php\/wp-json\/wp\/v2\/comments?post=38924"}],"version-history":[{"count":1,"href":"https:\/\/prensapresidencialvenezuela.gob.ve\/index.php\/wp-json\/wp\/v2\/posts\/38924\/revisions"}],"predecessor-version":[{"id":38926,"href":"https:\/\/prensapresidencialvenezuela.gob.ve\/index.php\/wp-json\/wp\/v2\/posts\/38924\/revisions\/38926"}],"wp:featuredmedia":[{"embeddable":true,"href":"https:\/\/prensapresidencialvenezuela.gob.ve\/index.php\/wp-json\/wp\/v2\/media\/38925"}],"wp:attachment":[{"href":"https:\/\/prensapresidencialvenezuela.gob.ve\/index.php\/wp-json\/wp\/v2\/media?parent=38924"}],"wp:term":[{"taxonomy":"category","embeddable":true,"href":"https:\/\/prensapresidencialvenezuela.gob.ve\/index.php\/wp-json\/wp\/v2\/categories?post=38924"},{"taxonomy":"post_tag","embeddable":true,"href":"https:\/\/prensapresidencialvenezuela.gob.ve\/index.php\/wp-json\/wp\/v2\/tags?post=38924"}],"curies":[{"name":"wp","href":"https:\/\/api.w.org\/{rel}","templated":true}]}}