{"id":38928,"date":"2026-01-23T18:15:31","date_gmt":"2026-01-23T22:15:31","guid":{"rendered":"https:\/\/prensapresidencialvenezuela.gob.ve\/?p=38928"},"modified":"2026-01-23T18:40:00","modified_gmt":"2026-01-23T22:40:00","slug":"626-personas-han-sido-excarceladas-hasta-la-fecha-en-favor-de-la-paz-nacional","status":"publish","type":"post","link":"https:\/\/prensapresidencialvenezuela.gob.ve\/index.php\/2026\/01\/23\/626-personas-han-sido-excarceladas-hasta-la-fecha-en-favor-de-la-paz-nacional\/","title":{"rendered":"626 personas han sido excarceladas hasta la fecha en favor de la paz nacional"},"content":{"rendered":"\n<p><strong>Palacio de Miraflores, Caracas. \u2013 <\/strong>Durante la instalaci\u00f3n del Programa para la Convivencia y la Paz, desde el sal\u00f3n \u00abSol del Per\u00fa\u00bb, la presidenta encargada de la Rep\u00fablica Bolivariana de Venezuela, Delcy Rodr\u00edguez, inform\u00f3 que \u00abal d\u00eda de hoy ya han sido excarceladas 626 personas privadas de libertad\u00bb. <\/p>\n\n\n\n<p>\u00abHay antipol\u00edticos que no han entendido el momento. Hay sectores que persisten en manipular y maniobrar con cifras, a trav\u00e9s de la mentira, de la falsaria\u00bb, dijo durante la instalaci\u00f3n del Programa para la Convivencia y la Paz. <\/p>\n\n\n\n<p>La jefa de Estado encargada record\u00f3 que el pa\u00eds ha pasado no solo por agresiones econ\u00f3micas externas,sin precedentes, y que nunca hab\u00eda conocido la Rep\u00fablica; sino que tambi\u00e9n ha vivido procesos complejos desde el a\u00f1o 2015, con la imposici\u00f3n de medidas coercitivas unilaterales, que \u00abson sanciones ileg\u00edtimas, il\u00edcitas, pero que existen en Venezuela y que han creado un peso tremendo en la vida econ\u00f3mica del pa\u00eds, pero que tambi\u00e9n ha generado importantes heridas sociales en nuestra Patria\u00bb.<\/p>\n\n\n\n<p>En esta l\u00ednea, es relevante mencionar que el pasado14 de enero, enfatiz\u00f3 que esta acci\u00f3n se lleva a cabo, de acuerdo al proceso de pacificaci\u00f3n nacional y bajo los par\u00e1metros legales que rigen las medidas de justicia en curso; enfatizando al mismo tiempo, que el objetivo de las excarcelaciones lo traz\u00f3 el presidente Nicol\u00e1s Maduro para abrir espacios de tolerancia y entendimiento entre los venezolanos. <\/p>\n\n\n\n<p>La mandataria subray\u00f3 para la fecha, que Venezuela est\u00e1 dando paso a un nuevo momento pol\u00edtico caracterizado por el \u00abentendimiento\u00bbdesde la diversidad.<\/p>\n\n\n\n<p> <strong>Di\u00e1logo pol\u00edtico internacional<\/strong> <\/p>\n\n\n\n<p>En este contexto, la Presidenta Encargada notific\u00f3 que tiene previsto para el pr\u00f3ximo lunes, sostener una llamada telef\u00f3nica con el alto comisionado de las Naciones Unidas para los Derechos Humanos, Volker T\u00fcrk, para solicitarle que a trav\u00e9s de su oficina se verifiquen las listas de excarcelados en Venezuela. <\/p>\n\n\n\n<p>\u00abYa basta de mentiras, ya basta de mentirle al pueblo venezolano. Nos ha llevado a un costo alt\u00edsimo para los ni\u00f1os, para las ni\u00f1as, para nuestra juventud, para quienes tuvieron que sufrir el horror de una agresi\u00f3n militar externa de una potencia nuclear. Ya basta, no m\u00e1s mentiras para nuestro pa\u00eds (\u2026)\u00bb, asever\u00f3 Rodr\u00edguez.<\/p>\n\n\n\n<p> <strong>Prensa Presidencial\/ Irmary D\u00edaz<\/strong><\/p>\n","protected":false},"excerpt":{"rendered":"<p>Palacio de Miraflores, Caracas. \u2013 Durante la instalaci\u00f3n del Programa para la Convivencia y la Paz, desde el sal\u00f3n \u00abSol del Per\u00fa\u00bb, la presidenta encargada de la Rep\u00fablica Bolivariana de Venezuela, Delcy Rodr\u00edguez, inform\u00f3 que \u00abal d\u00eda de hoy ya han sido excarceladas 626 personas privadas de libertad\u00bb. \u00abHay antipol\u00edticos que no han entendido el [&hellip;]<\/p>\n","protected":false},"author":15,"featured_media":38929,"comment_status":"open","ping_status":"open","sticky":false,"template":"","format":"standard","meta":{"footnotes":""},"categories":[18,7],"tags":[],"class_list":["post-38928","post","type-post","status-publish","format-standard","has-post-thumbnail","hentry","category-noticias-principales","category-notas-de-prensa"],"_links":{"self":[{"href":"https:\/\/prensapresidencialvenezuela.gob.ve\/index.php\/wp-json\/wp\/v2\/posts\/38928","targetHints":{"allow":["GET"]}}],"collection":[{"href":"https:\/\/prensapresidencialvenezuela.gob.ve\/index.php\/wp-json\/wp\/v2\/posts"}],"about":[{"href":"https:\/\/prensapresidencialvenezuela.gob.ve\/index.php\/wp-json\/wp\/v2\/types\/post"}],"author":[{"embeddable":true,"href":"https:\/\/prensapresidencialvenezuela.gob.ve\/index.php\/wp-json\/wp\/v2\/users\/15"}],"replies":[{"embeddable":true,"href":"https:\/\/prensapresidencialvenezuela.gob.ve\/index.php\/wp-json\/wp\/v2\/comments?post=38928"}],"version-history":[{"count":3,"href":"https:\/\/prensapresidencialvenezuela.gob.ve\/index.php\/wp-json\/wp\/v2\/posts\/38928\/revisions"}],"predecessor-version":[{"id":38943,"href":"https:\/\/prensapresidencialvenezuela.gob.ve\/index.php\/wp-json\/wp\/v2\/posts\/38928\/revisions\/38943"}],"wp:featuredmedia":[{"embeddable":true,"href":"https:\/\/prensapresidencialvenezuela.gob.ve\/index.php\/wp-json\/wp\/v2\/media\/38929"}],"wp:attachment":[{"href":"https:\/\/prensapresidencialvenezuela.gob.ve\/index.php\/wp-json\/wp\/v2\/media?parent=38928"}],"wp:term":[{"taxonomy":"category","embeddable":true,"href":"https:\/\/prensapresidencialvenezuela.gob.ve\/index.php\/wp-json\/wp\/v2\/categories?post=38928"},{"taxonomy":"post_tag","embeddable":true,"href":"https:\/\/prensapresidencialvenezuela.gob.ve\/index.php\/wp-json\/wp\/v2\/tags?post=38928"}],"curies":[{"name":"wp","href":"https:\/\/api.w.org\/{rel}","templated":true}]}}