{"id":38933,"date":"2026-01-23T18:11:00","date_gmt":"2026-01-23T22:11:00","guid":{"rendered":"https:\/\/prensapresidencialvenezuela.gob.ve\/?p=38933"},"modified":"2026-01-23T18:23:53","modified_gmt":"2026-01-23T22:23:53","slug":"gobierno-bolivariano-lanza-programa-para-la-convivencia-democratica-y-la-paz-con-enfoque-plural-y-estrategico","status":"publish","type":"post","link":"https:\/\/prensapresidencialvenezuela.gob.ve\/index.php\/2026\/01\/23\/gobierno-bolivariano-lanza-programa-para-la-convivencia-democratica-y-la-paz-con-enfoque-plural-y-estrategico\/","title":{"rendered":"Gobierno Bolivariano lanza Programa para la Convivencia Democr\u00e1tica y la Paz con enfoque plural y estrat\u00e9gico"},"content":{"rendered":"\n<p><strong>Palacio de Miraflores, Caracas.\u2013 <\/strong>En una jornada de profunda carga hist\u00f3rica, al conmemorarse el 68\u00b0 aniversario del 23 de enero y el bicentenario de la toma de la fortaleza del Callao en Per\u00fa, la presidenta encargada, Delcy Rodr\u00edguez, anunci\u00f3 oficialmente la creaci\u00f3n del Programa para la Convivencia Democr\u00e1tica y la Paz. <\/p>\n\n\n\n<p>Esta nueva instancia nace como un espacio de encuentro plural y diverso, cuyo objetivo fundamental es consolidar la estabilidad nacional y la armon\u00eda social a trav\u00e9s de un plan de acci\u00f3n intensivo de 100 d\u00edas, dise\u00f1ado para abordar las dimensiones pol\u00edticas, econ\u00f3micas y sociales de la paz en el pa\u00eds. <\/p>\n\n\n\n<p>La coordinaci\u00f3n general de este programa ha sido delegada al ministro Ernesto Villegas, contando con la destacada profesora Ana Mar\u00eda Sanju\u00e1n en la secretar\u00eda ejecutiva. <\/p>\n\n\n\n<p>El equipo de trabajo se caracteriza por su car\u00e1cter multidisciplinario y transversal, integrando a los siguientes miembros:<\/p>\n\n\n\n<p> \u2022 Ernesto Villegas: Coordinador General.<\/p>\n\n\n\n<p> \u2022 Ana Mar\u00eda Sanju\u00e1n: Secretaria Ejecutiva.<\/p>\n\n\n\n<p> \u2022 Nuramy Guti\u00e9rrez: Ministra de Salud.<\/p>\n\n\n\n<p> \u2022 \u00c1ngel Prado: Ministro de Comunas.<\/p>\n\n\n\n<p> \u2022 Larry Devoe: Agente para los Derechos Humanos de Venezuela.<\/p>\n\n\n\n<p> \u2022 G\u00e9nesis Garvett: Diputada y jefa de la Gran Misi\u00f3n Venezuela Joven. <\/p>\n\n\n\n<p>\u2022 Ricardo Cusanno: Empresario y expresidente de Fedec\u00e1maras. \u2022 Michael Penfold: Polit\u00f3logo y profesor del IESA.<\/p>\n\n\n\n<p> \u2022 Gerson G\u00f3mez: Emprendedor y fundador de Ridery.<\/p>\n\n\n\n<p> \u2022 Francisco Garc\u00e9s: Profesor y encargado de la comisi\u00f3n para la UCV.<\/p>\n\n\n\n<p> \u2022 Lanking Gonz\u00e1lez: Representante del movimiento vecinal de Venezuela.<\/p>\n\n\n\n<p> \u2022 Indira Urbaneja: Abogada y analista.<\/p>\n\n\n\n<p> \u2022 Gustavo Canchica: Vocero de los jueces de paz.<\/p>\n\n\n\n<p> \u2022 Miqueas Figueroa: Director del Parque Cultural Tiuna el Fuerte. <\/p>\n\n\n\n<p>El cronograma de trabajo para los primeros 100 d\u00edas establece tareas cr\u00edticas para el bienestar de la naci\u00f3n. Como punto de partida, se realizar\u00e1 un mapeo nacional de la violencia y el odio en todos sus \u00e1mbitos (pol\u00edtico, econ\u00f3mico y social), lo que permitir\u00e1 el dise\u00f1o de pol\u00edticas p\u00fablicas precisas para la reconciliaci\u00f3n. El programa tambi\u00e9n contempla la identificaci\u00f3n y abordaje de conflictos locales, el seguimiento riguroso del impacto de las agresiones econ\u00f3micas en los derechos humanos y la implementaci\u00f3n de un sistema de reporte y protecci\u00f3n para las v\u00edctimas.<\/p>\n\n\n\n<p>Con esta iniciativa, el Estado venezolano reafirma su voluntad de construir un destino com\u00fan basado en el reconocimiento mutuo y la justicia social, invitando a todos los sectores de buena voluntad a sumarse a este esfuerzo por la paz definitiva. <\/p>\n\n\n\n<p><strong>Prensa Presidencial \/ Kaylib Maita<\/strong><\/p>\n","protected":false},"excerpt":{"rendered":"<p>Palacio de Miraflores, Caracas.\u2013 En una jornada de profunda carga hist\u00f3rica, al conmemorarse el 68\u00b0 aniversario del 23 de enero y el bicentenario de la toma de la fortaleza del Callao en Per\u00fa, la presidenta encargada, Delcy Rodr\u00edguez, anunci\u00f3 oficialmente la creaci\u00f3n del Programa para la Convivencia Democr\u00e1tica y la Paz. Esta nueva instancia nace [&hellip;]<\/p>\n","protected":false},"author":1,"featured_media":38934,"comment_status":"open","ping_status":"open","sticky":false,"template":"","format":"standard","meta":{"footnotes":""},"categories":[18,7],"tags":[],"class_list":["post-38933","post","type-post","status-publish","format-standard","has-post-thumbnail","hentry","category-noticias-principales","category-notas-de-prensa"],"_links":{"self":[{"href":"https:\/\/prensapresidencialvenezuela.gob.ve\/index.php\/wp-json\/wp\/v2\/posts\/38933","targetHints":{"allow":["GET"]}}],"collection":[{"href":"https:\/\/prensapresidencialvenezuela.gob.ve\/index.php\/wp-json\/wp\/v2\/posts"}],"about":[{"href":"https:\/\/prensapresidencialvenezuela.gob.ve\/index.php\/wp-json\/wp\/v2\/types\/post"}],"author":[{"embeddable":true,"href":"https:\/\/prensapresidencialvenezuela.gob.ve\/index.php\/wp-json\/wp\/v2\/users\/1"}],"replies":[{"embeddable":true,"href":"https:\/\/prensapresidencialvenezuela.gob.ve\/index.php\/wp-json\/wp\/v2\/comments?post=38933"}],"version-history":[{"count":1,"href":"https:\/\/prensapresidencialvenezuela.gob.ve\/index.php\/wp-json\/wp\/v2\/posts\/38933\/revisions"}],"predecessor-version":[{"id":38935,"href":"https:\/\/prensapresidencialvenezuela.gob.ve\/index.php\/wp-json\/wp\/v2\/posts\/38933\/revisions\/38935"}],"wp:featuredmedia":[{"embeddable":true,"href":"https:\/\/prensapresidencialvenezuela.gob.ve\/index.php\/wp-json\/wp\/v2\/media\/38934"}],"wp:attachment":[{"href":"https:\/\/prensapresidencialvenezuela.gob.ve\/index.php\/wp-json\/wp\/v2\/media?parent=38933"}],"wp:term":[{"taxonomy":"category","embeddable":true,"href":"https:\/\/prensapresidencialvenezuela.gob.ve\/index.php\/wp-json\/wp\/v2\/categories?post=38933"},{"taxonomy":"post_tag","embeddable":true,"href":"https:\/\/prensapresidencialvenezuela.gob.ve\/index.php\/wp-json\/wp\/v2\/tags?post=38933"}],"curies":[{"name":"wp","href":"https:\/\/api.w.org\/{rel}","templated":true}]}}