{"id":38957,"date":"2026-01-24T03:41:10","date_gmt":"2026-01-24T07:41:10","guid":{"rendered":"https:\/\/prensapresidencialvenezuela.gob.ve\/?p=38957"},"modified":"2026-01-24T15:12:06","modified_gmt":"2026-01-24T19:12:06","slug":"campana-los-queremos-de-vuelta-se-fortalece-en-caracas-con-homenaje-luminico-de-drones","status":"publish","type":"post","link":"https:\/\/prensapresidencialvenezuela.gob.ve\/index.php\/2026\/01\/24\/campana-los-queremos-de-vuelta-se-fortalece-en-caracas-con-homenaje-luminico-de-drones\/","title":{"rendered":"Campa\u00f1a \u00abLos queremos de vuelta\u00bb se fortalece en Caracas con homenaje lum\u00ednico de Drones"},"content":{"rendered":"\n<p>Fuerte Tiuna, Caracas.- En un acto de profunda carga simb\u00f3lica realizado en el Patio de Honor de las Academias en Fuerte Tiuna, el Gobierno Bolivariano organiz\u00f3 un despliegue de drones para exigir la pronta liberaci\u00f3n del presidente Nicol\u00e1s Maduro y la primera dama Cilia Flores. El evento estuvo encabezado por la presidenta encargada de la Rep\u00fablica, Delcy Rodr\u00edguez, junto al diputado Nicol\u00e1s Maduro Guerra y altos mandos del Estado, quienes reafirmaron el compromiso de las instituciones venezolanas con el retorno de la pareja presidencial. <\/p>\n\n\n\n<figure class=\"wp-block-image size-large\"><img fetchpriority=\"high\" decoding=\"async\" width=\"1024\" height=\"683\" src=\"https:\/\/prensapresidencialvenezuela.gob.ve\/wp-content\/uploads\/2026\/01\/03IMG_6752_P-1024x683.jpg\" alt=\"\" class=\"wp-image-38962\" srcset=\"https:\/\/prensapresidencialvenezuela.gob.ve\/wp-content\/uploads\/2026\/01\/03IMG_6752_P-1024x683.jpg 1024w, https:\/\/prensapresidencialvenezuela.gob.ve\/wp-content\/uploads\/2026\/01\/03IMG_6752_P-300x200.jpg 300w, https:\/\/prensapresidencialvenezuela.gob.ve\/wp-content\/uploads\/2026\/01\/03IMG_6752_P-768x512.jpg 768w, https:\/\/prensapresidencialvenezuela.gob.ve\/wp-content\/uploads\/2026\/01\/03IMG_6752_P-1536x1025.jpg 1536w, https:\/\/prensapresidencialvenezuela.gob.ve\/wp-content\/uploads\/2026\/01\/03IMG_6752_P-2048x1366.jpg 2048w\" sizes=\"(max-width: 1024px) 100vw, 1024px\" \/><\/figure>\n\n\n\n<p>Durante el espect\u00e1culo, las luces formaron mensajes de lealtad y la emblem\u00e1tica firma del mandatario, destacando su firmeza como presidente constitucional.<\/p>\n\n\n\n<figure class=\"wp-block-image size-large\"><img decoding=\"async\" width=\"1024\" height=\"683\" src=\"https:\/\/prensapresidencialvenezuela.gob.ve\/wp-content\/uploads\/2026\/01\/04IMG_6796_P-1024x683.jpg\" alt=\"\" class=\"wp-image-38983\" srcset=\"https:\/\/prensapresidencialvenezuela.gob.ve\/wp-content\/uploads\/2026\/01\/04IMG_6796_P-1024x683.jpg 1024w, https:\/\/prensapresidencialvenezuela.gob.ve\/wp-content\/uploads\/2026\/01\/04IMG_6796_P-300x200.jpg 300w, https:\/\/prensapresidencialvenezuela.gob.ve\/wp-content\/uploads\/2026\/01\/04IMG_6796_P-768x512.jpg 768w, https:\/\/prensapresidencialvenezuela.gob.ve\/wp-content\/uploads\/2026\/01\/04IMG_6796_P-1536x1025.jpg 1536w, https:\/\/prensapresidencialvenezuela.gob.ve\/wp-content\/uploads\/2026\/01\/04IMG_6796_P-2048x1366.jpg 2048w\" sizes=\"(max-width: 1024px) 100vw, 1024px\" \/><\/figure>\n\n\n\n<p>Bajo la consigna nacional \u00abLos queremos de vuelta\u00bb, la actividad consolid\u00f3 la campa\u00f1a de movilizaci\u00f3n popular que ya cumple 21 d\u00edas en todo el territorio nacional y que ha escalado al \u00e1mbito internacional con la iniciativa \u00abTr\u00e1iganlos de vuelta\u00bb. El pr\u00f3ximo 3 de febrero se llevar\u00e1 a cabo una gran jornada mundial de protesta y solidaridad, coordinada por movimientos sociales a un mes de iniciada la campa\u00f1a por su liberaci\u00f3n. La Comisi\u00f3n para la Liberaci\u00f3n, liderada por el presidente de la Asamblea Nacional, Jorge Rodr\u00edguez, contin\u00faa impulsando acciones legales y diplom\u00e1ticas, mientras el pa\u00eds permanece en absoluta paz, estabilidad institucional y resistencia activa bajo la gesti\u00f3n de la presidenta encargada.<\/p>\n\n\n\n<figure class=\"wp-block-image size-large\"><img decoding=\"async\" width=\"1024\" height=\"683\" src=\"https:\/\/prensapresidencialvenezuela.gob.ve\/wp-content\/uploads\/2026\/01\/15IMG_6987_P-1-1024x683.jpg\" alt=\"\" class=\"wp-image-38967\" srcset=\"https:\/\/prensapresidencialvenezuela.gob.ve\/wp-content\/uploads\/2026\/01\/15IMG_6987_P-1-1024x683.jpg 1024w, https:\/\/prensapresidencialvenezuela.gob.ve\/wp-content\/uploads\/2026\/01\/15IMG_6987_P-1-300x200.jpg 300w, https:\/\/prensapresidencialvenezuela.gob.ve\/wp-content\/uploads\/2026\/01\/15IMG_6987_P-1-768x512.jpg 768w, https:\/\/prensapresidencialvenezuela.gob.ve\/wp-content\/uploads\/2026\/01\/15IMG_6987_P-1-1536x1025.jpg 1536w, https:\/\/prensapresidencialvenezuela.gob.ve\/wp-content\/uploads\/2026\/01\/15IMG_6987_P-1-2048x1366.jpg 2048w\" sizes=\"(max-width: 1024px) 100vw, 1024px\" \/><\/figure>\n\n\n\n<p>Prensa Presidencial \/ Kaylib Maita<\/p>\n","protected":false},"excerpt":{"rendered":"<p>Fuerte Tiuna, Caracas.- En un acto de profunda carga simb\u00f3lica realizado en el Patio de Honor de las Academias en Fuerte Tiuna, el Gobierno Bolivariano organiz\u00f3 un despliegue de drones para exigir la pronta liberaci\u00f3n del presidente Nicol\u00e1s Maduro y la primera dama Cilia Flores. El evento estuvo encabezado por la presidenta encargada de la [&hellip;]<\/p>\n","protected":false},"author":17,"featured_media":38959,"comment_status":"open","ping_status":"open","sticky":false,"template":"","format":"standard","meta":{"footnotes":""},"categories":[18,7],"tags":[],"class_list":["post-38957","post","type-post","status-publish","format-standard","has-post-thumbnail","hentry","category-noticias-principales","category-notas-de-prensa"],"_links":{"self":[{"href":"https:\/\/prensapresidencialvenezuela.gob.ve\/index.php\/wp-json\/wp\/v2\/posts\/38957","targetHints":{"allow":["GET"]}}],"collection":[{"href":"https:\/\/prensapresidencialvenezuela.gob.ve\/index.php\/wp-json\/wp\/v2\/posts"}],"about":[{"href":"https:\/\/prensapresidencialvenezuela.gob.ve\/index.php\/wp-json\/wp\/v2\/types\/post"}],"author":[{"embeddable":true,"href":"https:\/\/prensapresidencialvenezuela.gob.ve\/index.php\/wp-json\/wp\/v2\/users\/17"}],"replies":[{"embeddable":true,"href":"https:\/\/prensapresidencialvenezuela.gob.ve\/index.php\/wp-json\/wp\/v2\/comments?post=38957"}],"version-history":[{"count":2,"href":"https:\/\/prensapresidencialvenezuela.gob.ve\/index.php\/wp-json\/wp\/v2\/posts\/38957\/revisions"}],"predecessor-version":[{"id":39008,"href":"https:\/\/prensapresidencialvenezuela.gob.ve\/index.php\/wp-json\/wp\/v2\/posts\/38957\/revisions\/39008"}],"wp:featuredmedia":[{"embeddable":true,"href":"https:\/\/prensapresidencialvenezuela.gob.ve\/index.php\/wp-json\/wp\/v2\/media\/38959"}],"wp:attachment":[{"href":"https:\/\/prensapresidencialvenezuela.gob.ve\/index.php\/wp-json\/wp\/v2\/media?parent=38957"}],"wp:term":[{"taxonomy":"category","embeddable":true,"href":"https:\/\/prensapresidencialvenezuela.gob.ve\/index.php\/wp-json\/wp\/v2\/categories?post=38957"},{"taxonomy":"post_tag","embeddable":true,"href":"https:\/\/prensapresidencialvenezuela.gob.ve\/index.php\/wp-json\/wp\/v2\/tags?post=38957"}],"curies":[{"name":"wp","href":"https:\/\/api.w.org\/{rel}","templated":true}]}}