{"id":39009,"date":"2026-01-24T18:08:55","date_gmt":"2026-01-24T22:08:55","guid":{"rendered":"https:\/\/prensapresidencialvenezuela.gob.ve\/?p=39009"},"modified":"2026-01-24T18:08:56","modified_gmt":"2026-01-24T22:08:56","slug":"en-la-guaira-gobierno-bolivariano-despliega-jornada-de-atencion-social-integral-en-el-sector-la-soublette","status":"publish","type":"post","link":"https:\/\/prensapresidencialvenezuela.gob.ve\/index.php\/2026\/01\/24\/en-la-guaira-gobierno-bolivariano-despliega-jornada-de-atencion-social-integral-en-el-sector-la-soublette\/","title":{"rendered":"En La Guaira Gobierno Bolivariano despliega Jornada de Atenci\u00f3n Social Integral en el sector La Soublette"},"content":{"rendered":"\n<p>Catia La Mar, La Guiara.- El Gobierno Bolivariano activa hoy una Jornada de Atenci\u00f3n Social Integral en el sector La Soublette, en Catia La Mar, para brindar protecci\u00f3n directa a m\u00e1s de 5.500 familias del Circuito Comunal Catia La Mar 1. Las cl\u00ednicas m\u00f3viles de la Fundaci\u00f3n del Ni\u00f1o y la Gran Misi\u00f3n Venezuela Mujer ofrecen servicios especializados que incluyen pediatr\u00eda, ginecolog\u00eda, inmunizaci\u00f3n y farmacia, garantizando el derecho a la salud gratuita de calidad en la entidad guaire\u00f1a.<\/p>\n\n\n\n<figure class=\"wp-block-image size-large\"><img fetchpriority=\"high\" decoding=\"async\" width=\"1024\" height=\"683\" src=\"https:\/\/prensapresidencialvenezuela.gob.ve\/wp-content\/uploads\/2026\/01\/04_JZ_L9005_P-1024x683.jpg\" alt=\"\" class=\"wp-image-39025\" srcset=\"https:\/\/prensapresidencialvenezuela.gob.ve\/wp-content\/uploads\/2026\/01\/04_JZ_L9005_P-1024x683.jpg 1024w, https:\/\/prensapresidencialvenezuela.gob.ve\/wp-content\/uploads\/2026\/01\/04_JZ_L9005_P-300x200.jpg 300w, https:\/\/prensapresidencialvenezuela.gob.ve\/wp-content\/uploads\/2026\/01\/04_JZ_L9005_P-768x512.jpg 768w, https:\/\/prensapresidencialvenezuela.gob.ve\/wp-content\/uploads\/2026\/01\/04_JZ_L9005_P-1536x1024.jpg 1536w, https:\/\/prensapresidencialvenezuela.gob.ve\/wp-content\/uploads\/2026\/01\/04_JZ_L9005_P-2048x1366.jpg 2048w\" sizes=\"(max-width: 1024px) 100vw, 1024px\" \/><\/figure>\n\n\n\n<p>La Feria del Campo Soberano garantiza la seguridad alimentaria con la distribuci\u00f3n de prote\u00ednas y productos esenciales a trav\u00e9s de Mercal, Pdval y Alimentos La Guaira. En paralelo, instituciones como el Instituto Nacional de Nutrici\u00f3n y L\u00e1cteos Los Andes fortalecen el sistema de alimentaci\u00f3n local, mientras emprendedores y la unidad m\u00f3vil del Banco Digital de los Trabajadores impulsan la actividad econ\u00f3mica y financiera dentro de la comunidad.<\/p>\n\n\n\n<figure class=\"wp-block-image size-large\"><img decoding=\"async\" width=\"1024\" height=\"683\" src=\"https:\/\/prensapresidencialvenezuela.gob.ve\/wp-content\/uploads\/2026\/01\/10IMG_7201_P-1-1024x683.jpg\" alt=\"\" class=\"wp-image-39011\" srcset=\"https:\/\/prensapresidencialvenezuela.gob.ve\/wp-content\/uploads\/2026\/01\/10IMG_7201_P-1-1024x683.jpg 1024w, https:\/\/prensapresidencialvenezuela.gob.ve\/wp-content\/uploads\/2026\/01\/10IMG_7201_P-1-300x200.jpg 300w, https:\/\/prensapresidencialvenezuela.gob.ve\/wp-content\/uploads\/2026\/01\/10IMG_7201_P-1-768x512.jpg 768w, https:\/\/prensapresidencialvenezuela.gob.ve\/wp-content\/uploads\/2026\/01\/10IMG_7201_P-1-1536x1025.jpg 1536w, https:\/\/prensapresidencialvenezuela.gob.ve\/wp-content\/uploads\/2026\/01\/10IMG_7201_P-1-2048x1366.jpg 2048w\" sizes=\"(max-width: 1024px) 100vw, 1024px\" \/><\/figure>\n\n\n\n<p>Esta actividad presidencial supervisa la recuperaci\u00f3n de infraestructuras afectadas, donde ya destacan 65 techos sustituidos y la rehabilitaci\u00f3n integral de apartamentos y fachadas en diversos bloques de la zona. El despliegue cuenta con la presencia del Vicepresidente Sectorial H\u00e9ctor Rodr\u00edguez y el Gobernador Jos\u00e9 Alejandro Ter\u00e1n, quienes acompa\u00f1an al Poder Popular en la validaci\u00f3n de los proyectos priorizados mediante las Consultas Populares Nacionales.<\/p>\n\n\n\n<figure class=\"wp-block-image size-large\"><img decoding=\"async\" width=\"1024\" height=\"683\" src=\"https:\/\/prensapresidencialvenezuela.gob.ve\/wp-content\/uploads\/2026\/01\/07_JZ_L9068_P-1024x683.jpg\" alt=\"\" class=\"wp-image-39026\" srcset=\"https:\/\/prensapresidencialvenezuela.gob.ve\/wp-content\/uploads\/2026\/01\/07_JZ_L9068_P-1024x683.jpg 1024w, https:\/\/prensapresidencialvenezuela.gob.ve\/wp-content\/uploads\/2026\/01\/07_JZ_L9068_P-300x200.jpg 300w, https:\/\/prensapresidencialvenezuela.gob.ve\/wp-content\/uploads\/2026\/01\/07_JZ_L9068_P-768x512.jpg 768w, https:\/\/prensapresidencialvenezuela.gob.ve\/wp-content\/uploads\/2026\/01\/07_JZ_L9068_P-1536x1024.jpg 1536w, https:\/\/prensapresidencialvenezuela.gob.ve\/wp-content\/uploads\/2026\/01\/07_JZ_L9068_P-2048x1366.jpg 2048w\" sizes=\"(max-width: 1024px) 100vw, 1024px\" \/><\/figure>\n\n\n\n<p>La jornada incluye espacios recreativos, actividades culturales y la atenci\u00f3n de la Misi\u00f3n Nevado, consolidando un abordaje integral que responde a las necesidades del pueblo. Con estas acciones, el Ejecutivo Nacional reafirma su compromiso con la estabilidad social y el bienestar de los habitantes de La Guaira, enfoc\u00e1ndose en la reconstrucci\u00f3n y el apoyo material directo a las familias impactadas por contingencias recientes.<\/p>\n\n\n\n<p>Prensa Presidencial \/ Kaylib Maita<\/p>\n","protected":false},"excerpt":{"rendered":"<p>Catia La Mar, La Guiara.- El Gobierno Bolivariano activa hoy una Jornada de Atenci\u00f3n Social Integral en el sector La Soublette, en Catia La Mar, para brindar protecci\u00f3n directa a m\u00e1s de 5.500 familias del Circuito Comunal Catia La Mar 1. Las cl\u00ednicas m\u00f3viles de la Fundaci\u00f3n del Ni\u00f1o y la Gran Misi\u00f3n Venezuela Mujer [&hellip;]<\/p>\n","protected":false},"author":17,"featured_media":39010,"comment_status":"open","ping_status":"open","sticky":false,"template":"","format":"standard","meta":{"footnotes":""},"categories":[18,7],"tags":[],"class_list":["post-39009","post","type-post","status-publish","format-standard","has-post-thumbnail","hentry","category-noticias-principales","category-notas-de-prensa"],"_links":{"self":[{"href":"https:\/\/prensapresidencialvenezuela.gob.ve\/index.php\/wp-json\/wp\/v2\/posts\/39009","targetHints":{"allow":["GET"]}}],"collection":[{"href":"https:\/\/prensapresidencialvenezuela.gob.ve\/index.php\/wp-json\/wp\/v2\/posts"}],"about":[{"href":"https:\/\/prensapresidencialvenezuela.gob.ve\/index.php\/wp-json\/wp\/v2\/types\/post"}],"author":[{"embeddable":true,"href":"https:\/\/prensapresidencialvenezuela.gob.ve\/index.php\/wp-json\/wp\/v2\/users\/17"}],"replies":[{"embeddable":true,"href":"https:\/\/prensapresidencialvenezuela.gob.ve\/index.php\/wp-json\/wp\/v2\/comments?post=39009"}],"version-history":[{"count":2,"href":"https:\/\/prensapresidencialvenezuela.gob.ve\/index.php\/wp-json\/wp\/v2\/posts\/39009\/revisions"}],"predecessor-version":[{"id":39027,"href":"https:\/\/prensapresidencialvenezuela.gob.ve\/index.php\/wp-json\/wp\/v2\/posts\/39009\/revisions\/39027"}],"wp:featuredmedia":[{"embeddable":true,"href":"https:\/\/prensapresidencialvenezuela.gob.ve\/index.php\/wp-json\/wp\/v2\/media\/39010"}],"wp:attachment":[{"href":"https:\/\/prensapresidencialvenezuela.gob.ve\/index.php\/wp-json\/wp\/v2\/media?parent=39009"}],"wp:term":[{"taxonomy":"category","embeddable":true,"href":"https:\/\/prensapresidencialvenezuela.gob.ve\/index.php\/wp-json\/wp\/v2\/categories?post=39009"},{"taxonomy":"post_tag","embeddable":true,"href":"https:\/\/prensapresidencialvenezuela.gob.ve\/index.php\/wp-json\/wp\/v2\/tags?post=39009"}],"curies":[{"name":"wp","href":"https:\/\/api.w.org\/{rel}","templated":true}]}}