{"id":39015,"date":"2026-01-24T18:07:14","date_gmt":"2026-01-24T22:07:14","guid":{"rendered":"https:\/\/prensapresidencialvenezuela.gob.ve\/?p=39015"},"modified":"2026-01-26T11:52:01","modified_gmt":"2026-01-26T15:52:01","slug":"presidenta-encargada-lidera-despliegue-de-proteccion-integral-y-atencion-social-en-la-guaira","status":"publish","type":"post","link":"https:\/\/prensapresidencialvenezuela.gob.ve\/index.php\/2026\/01\/24\/presidenta-encargada-lidera-despliegue-de-proteccion-integral-y-atencion-social-en-la-guaira\/","title":{"rendered":"Presidenta Encargada lidera despliegue de protecci\u00f3n integral y atenci\u00f3n social en La Guaira"},"content":{"rendered":"\n<p>Catia La Mar, Estado La Guaira. \u2013 \u00abNo puede existir paz econ\u00f3mica sin paz social\u00bb, as\u00ed lo expresa la presidenta encargada de la Rep\u00fablica Bolivariana de Venezuela, Delcy Rodr\u00edguez, durante un despliegue de atenci\u00f3n integral en el sector La Soublette. La mandataria supervisa las zonas afectadas por los eventos del pasado 3 de enero, enfatizando que el Estado venezolano se despliega en los sectores m\u00e1s vulnerables para consolidar la tranquilidad p\u00fablica basada en la protecci\u00f3n directa del pueblo.<\/p>\n\n\n\n<figure class=\"wp-block-image size-large\"><img fetchpriority=\"high\" decoding=\"async\" width=\"1024\" height=\"683\" src=\"https:\/\/prensapresidencialvenezuela.gob.ve\/wp-content\/uploads\/2026\/01\/05_JZ_L9042_P-1024x683.jpg\" alt=\"\" class=\"wp-image-39028\" srcset=\"https:\/\/prensapresidencialvenezuela.gob.ve\/wp-content\/uploads\/2026\/01\/05_JZ_L9042_P-1024x683.jpg 1024w, https:\/\/prensapresidencialvenezuela.gob.ve\/wp-content\/uploads\/2026\/01\/05_JZ_L9042_P-300x200.jpg 300w, https:\/\/prensapresidencialvenezuela.gob.ve\/wp-content\/uploads\/2026\/01\/05_JZ_L9042_P-768x512.jpg 768w, https:\/\/prensapresidencialvenezuela.gob.ve\/wp-content\/uploads\/2026\/01\/05_JZ_L9042_P-1536x1024.jpg 1536w, https:\/\/prensapresidencialvenezuela.gob.ve\/wp-content\/uploads\/2026\/01\/05_JZ_L9042_P-2048x1366.jpg 2048w\" sizes=\"(max-width: 1024px) 100vw, 1024px\" \/><\/figure>\n\n\n\n<p>En este sentido, la Presidenta Encargada anuncia la instrucci\u00f3n inmediata de garantizar soluciones habitacionales dignas a las 64 familias que sufrieron la p\u00e9rdida de sus hogares en estas zonas residenciales. El Gobierno Bolivariano ejecuta un abordaje que no solo contempla la reconstrucci\u00f3n de la infraestructura, sino tambi\u00e9n un acompa\u00f1amiento especializado en salud f\u00edsica y emocional para atender a la poblaci\u00f3n civil, con especial \u00e9nfasis en el bienestar de los ni\u00f1os y ni\u00f1as de la comunidad.<\/p>\n\n\n\n<figure class=\"wp-block-image size-large\"><img decoding=\"async\" width=\"1024\" height=\"683\" src=\"https:\/\/prensapresidencialvenezuela.gob.ve\/wp-content\/uploads\/2026\/01\/01_JZ_L8986_P-1-1024x683.jpg\" alt=\"\" class=\"wp-image-39017\" srcset=\"https:\/\/prensapresidencialvenezuela.gob.ve\/wp-content\/uploads\/2026\/01\/01_JZ_L8986_P-1-1024x683.jpg 1024w, https:\/\/prensapresidencialvenezuela.gob.ve\/wp-content\/uploads\/2026\/01\/01_JZ_L8986_P-1-300x200.jpg 300w, https:\/\/prensapresidencialvenezuela.gob.ve\/wp-content\/uploads\/2026\/01\/01_JZ_L8986_P-1-768x512.jpg 768w, https:\/\/prensapresidencialvenezuela.gob.ve\/wp-content\/uploads\/2026\/01\/01_JZ_L8986_P-1-1536x1024.jpg 1536w, https:\/\/prensapresidencialvenezuela.gob.ve\/wp-content\/uploads\/2026\/01\/01_JZ_L8986_P-1-2048x1366.jpg 2048w\" sizes=\"(max-width: 1024px) 100vw, 1024px\" \/><\/figure>\n\n\n\n<p>La Mandataria hace un llamado a la uni\u00f3n nacional para preservar la estabilidad del pa\u00eds, afirmando que la suma de voluntades es fundamental cuando se trata de la integridad del territorio. Durante su intervenci\u00f3n, destaca la importancia de la cohesi\u00f3n social y rechaza cualquier postura que atente contra el bienestar com\u00fan o respalde acciones contrarias a la soberan\u00eda, resaltando la dignidad de un pueblo que se mantiene firme en su voluntad de superaci\u00f3n.<\/p>\n\n\n\n<figure class=\"wp-block-image size-large\"><img decoding=\"async\" width=\"1024\" height=\"683\" src=\"https:\/\/prensapresidencialvenezuela.gob.ve\/wp-content\/uploads\/2026\/01\/09_JZ_L9089_P-1024x683.jpg\" alt=\"\" class=\"wp-image-39029\" srcset=\"https:\/\/prensapresidencialvenezuela.gob.ve\/wp-content\/uploads\/2026\/01\/09_JZ_L9089_P-1024x683.jpg 1024w, https:\/\/prensapresidencialvenezuela.gob.ve\/wp-content\/uploads\/2026\/01\/09_JZ_L9089_P-300x200.jpg 300w, https:\/\/prensapresidencialvenezuela.gob.ve\/wp-content\/uploads\/2026\/01\/09_JZ_L9089_P-768x512.jpg 768w, https:\/\/prensapresidencialvenezuela.gob.ve\/wp-content\/uploads\/2026\/01\/09_JZ_L9089_P-1536x1024.jpg 1536w, https:\/\/prensapresidencialvenezuela.gob.ve\/wp-content\/uploads\/2026\/01\/09_JZ_L9089_P-2048x1366.jpg 2048w\" sizes=\"(max-width: 1024px) 100vw, 1024px\" \/><\/figure>\n\n\n\n<p>Finalmente, Rodr\u00edguez reafirma el compromiso irrenunciable de la gesti\u00f3n del presidente Nicol\u00e1s Maduro: cuidar y proteger a las familias venezolanas por encima de cualquier dificultad.<\/p>\n\n\n\n<p>Prensa Presidencial \/ Kaylib Maita<\/p>\n","protected":false},"excerpt":{"rendered":"<p>Catia La Mar, Estado La Guaira. \u2013 \u00abNo puede existir paz econ\u00f3mica sin paz social\u00bb, as\u00ed lo expresa la presidenta encargada de la Rep\u00fablica Bolivariana de Venezuela, Delcy Rodr\u00edguez, durante un despliegue de atenci\u00f3n integral en el sector La Soublette. La mandataria supervisa las zonas afectadas por los eventos del pasado 3 de enero, enfatizando [&hellip;]<\/p>\n","protected":false},"author":19,"featured_media":39016,"comment_status":"open","ping_status":"open","sticky":false,"template":"","format":"standard","meta":{"footnotes":""},"categories":[18,7],"tags":[],"class_list":["post-39015","post","type-post","status-publish","format-standard","has-post-thumbnail","hentry","category-noticias-principales","category-notas-de-prensa"],"_links":{"self":[{"href":"https:\/\/prensapresidencialvenezuela.gob.ve\/index.php\/wp-json\/wp\/v2\/posts\/39015","targetHints":{"allow":["GET"]}}],"collection":[{"href":"https:\/\/prensapresidencialvenezuela.gob.ve\/index.php\/wp-json\/wp\/v2\/posts"}],"about":[{"href":"https:\/\/prensapresidencialvenezuela.gob.ve\/index.php\/wp-json\/wp\/v2\/types\/post"}],"author":[{"embeddable":true,"href":"https:\/\/prensapresidencialvenezuela.gob.ve\/index.php\/wp-json\/wp\/v2\/users\/19"}],"replies":[{"embeddable":true,"href":"https:\/\/prensapresidencialvenezuela.gob.ve\/index.php\/wp-json\/wp\/v2\/comments?post=39015"}],"version-history":[{"count":3,"href":"https:\/\/prensapresidencialvenezuela.gob.ve\/index.php\/wp-json\/wp\/v2\/posts\/39015\/revisions"}],"predecessor-version":[{"id":39037,"href":"https:\/\/prensapresidencialvenezuela.gob.ve\/index.php\/wp-json\/wp\/v2\/posts\/39015\/revisions\/39037"}],"wp:featuredmedia":[{"embeddable":true,"href":"https:\/\/prensapresidencialvenezuela.gob.ve\/index.php\/wp-json\/wp\/v2\/media\/39016"}],"wp:attachment":[{"href":"https:\/\/prensapresidencialvenezuela.gob.ve\/index.php\/wp-json\/wp\/v2\/media?parent=39015"}],"wp:term":[{"taxonomy":"category","embeddable":true,"href":"https:\/\/prensapresidencialvenezuela.gob.ve\/index.php\/wp-json\/wp\/v2\/categories?post=39015"},{"taxonomy":"post_tag","embeddable":true,"href":"https:\/\/prensapresidencialvenezuela.gob.ve\/index.php\/wp-json\/wp\/v2\/tags?post=39015"}],"curies":[{"name":"wp","href":"https:\/\/api.w.org\/{rel}","templated":true}]}}