{"id":39021,"date":"2026-01-24T18:07:30","date_gmt":"2026-01-24T22:07:30","guid":{"rendered":"https:\/\/prensapresidencialvenezuela.gob.ve\/?p=39021"},"modified":"2026-01-26T11:51:31","modified_gmt":"2026-01-26T15:51:31","slug":"rodriguez-promueve-la-institucionalizacion-de-la-politica-y-el-encuentro-nacional","status":"publish","type":"post","link":"https:\/\/prensapresidencialvenezuela.gob.ve\/index.php\/2026\/01\/24\/rodriguez-promueve-la-institucionalizacion-de-la-politica-y-el-encuentro-nacional\/","title":{"rendered":"Rodr\u00edguez promueve la institucionalizaci\u00f3n de la pol\u00edtica y el encuentro nacional"},"content":{"rendered":"\n<p>Catia La Mar, Estado La Guaira. Con el firme prop\u00f3sito de fortalecer la convivencia democr\u00e1tica, la presidenta encargada, Delcy Rodr\u00edguez ha realizado un llamado formal a la uni\u00f3n nacional y al di\u00e1logo constructivo entre todos los sectores pol\u00edticos del pa\u00eds. En este sentido, se exhort\u00f3 a la Asamblea Nacional a dinamizar los espacios de encuentro que permitan la participaci\u00f3n de sectores opositores, organizaciones del Gran Polo Patri\u00f3tico y movimientos sociales.<\/p>\n\n\n\n<figure class=\"wp-block-image size-large\"><img fetchpriority=\"high\" decoding=\"async\" width=\"1024\" height=\"683\" src=\"https:\/\/prensapresidencialvenezuela.gob.ve\/wp-content\/uploads\/2026\/01\/15IMG_7316_P-1024x683.jpg\" alt=\"\" class=\"wp-image-39023\" srcset=\"https:\/\/prensapresidencialvenezuela.gob.ve\/wp-content\/uploads\/2026\/01\/15IMG_7316_P-1024x683.jpg 1024w, https:\/\/prensapresidencialvenezuela.gob.ve\/wp-content\/uploads\/2026\/01\/15IMG_7316_P-300x200.jpg 300w, https:\/\/prensapresidencialvenezuela.gob.ve\/wp-content\/uploads\/2026\/01\/15IMG_7316_P-768x512.jpg 768w, https:\/\/prensapresidencialvenezuela.gob.ve\/wp-content\/uploads\/2026\/01\/15IMG_7316_P-1536x1025.jpg 1536w, https:\/\/prensapresidencialvenezuela.gob.ve\/wp-content\/uploads\/2026\/01\/15IMG_7316_P-2048x1366.jpg 2048w\" sizes=\"(max-width: 1024px) 100vw, 1024px\" \/><\/figure>\n\n\n\n<p>La presidenta encargada Rodr\u00edguez destac\u00f3 que la gesti\u00f3n pol\u00edtica debe estar orientada hacia la preservaci\u00f3n de la paz y el respeto a la diversidad de ideas. \u00abDiversidad existe, pluralidad existe, diferencias existen, pero hay valores supremos y un valor supremo es la paz que nos tiene que unir; un valor supremo es la independencia de Venezuela, la dignidad de Venezuela que nos tiene que unir\u00bb, expres\u00f3. Este llamado busca consolidar un modelo de relaci\u00f3n institucional basado en el reconocimiento mutuo y el inter\u00e9s nacional.<\/p>\n\n\n\n<p>Prensa Presidencial \/ Kaylib Maita<\/p>\n","protected":false},"excerpt":{"rendered":"<p>Catia La Mar, Estado La Guaira. Con el firme prop\u00f3sito de fortalecer la convivencia democr\u00e1tica, la presidenta encargada, Delcy Rodr\u00edguez ha realizado un llamado formal a la uni\u00f3n nacional y al di\u00e1logo constructivo entre todos los sectores pol\u00edticos del pa\u00eds. En este sentido, se exhort\u00f3 a la Asamblea Nacional a dinamizar los espacios de encuentro [&hellip;]<\/p>\n","protected":false},"author":19,"featured_media":39022,"comment_status":"open","ping_status":"open","sticky":false,"template":"","format":"standard","meta":{"footnotes":""},"categories":[18,7],"tags":[],"class_list":["post-39021","post","type-post","status-publish","format-standard","has-post-thumbnail","hentry","category-noticias-principales","category-notas-de-prensa"],"_links":{"self":[{"href":"https:\/\/prensapresidencialvenezuela.gob.ve\/index.php\/wp-json\/wp\/v2\/posts\/39021","targetHints":{"allow":["GET"]}}],"collection":[{"href":"https:\/\/prensapresidencialvenezuela.gob.ve\/index.php\/wp-json\/wp\/v2\/posts"}],"about":[{"href":"https:\/\/prensapresidencialvenezuela.gob.ve\/index.php\/wp-json\/wp\/v2\/types\/post"}],"author":[{"embeddable":true,"href":"https:\/\/prensapresidencialvenezuela.gob.ve\/index.php\/wp-json\/wp\/v2\/users\/19"}],"replies":[{"embeddable":true,"href":"https:\/\/prensapresidencialvenezuela.gob.ve\/index.php\/wp-json\/wp\/v2\/comments?post=39021"}],"version-history":[{"count":2,"href":"https:\/\/prensapresidencialvenezuela.gob.ve\/index.php\/wp-json\/wp\/v2\/posts\/39021\/revisions"}],"predecessor-version":[{"id":39038,"href":"https:\/\/prensapresidencialvenezuela.gob.ve\/index.php\/wp-json\/wp\/v2\/posts\/39021\/revisions\/39038"}],"wp:featuredmedia":[{"embeddable":true,"href":"https:\/\/prensapresidencialvenezuela.gob.ve\/index.php\/wp-json\/wp\/v2\/media\/39022"}],"wp:attachment":[{"href":"https:\/\/prensapresidencialvenezuela.gob.ve\/index.php\/wp-json\/wp\/v2\/media?parent=39021"}],"wp:term":[{"taxonomy":"category","embeddable":true,"href":"https:\/\/prensapresidencialvenezuela.gob.ve\/index.php\/wp-json\/wp\/v2\/categories?post=39021"},{"taxonomy":"post_tag","embeddable":true,"href":"https:\/\/prensapresidencialvenezuela.gob.ve\/index.php\/wp-json\/wp\/v2\/tags?post=39021"}],"curies":[{"name":"wp","href":"https:\/\/api.w.org\/{rel}","templated":true}]}}