{"id":39049,"date":"2026-01-25T12:32:52","date_gmt":"2026-01-25T16:32:52","guid":{"rendered":"https:\/\/prensapresidencialvenezuela.gob.ve\/?p=39049"},"modified":"2026-01-25T12:52:07","modified_gmt":"2026-01-25T16:52:07","slug":"venezuela-apuesta-a-la-batalla-diplomatica-frente-a-ee-uu-para-dirimir-controversias-historicas","status":"publish","type":"post","link":"https:\/\/prensapresidencialvenezuela.gob.ve\/index.php\/2026\/01\/25\/venezuela-apuesta-a-la-batalla-diplomatica-frente-a-ee-uu-para-dirimir-controversias-historicas\/","title":{"rendered":"Venezuela apuesta a la \u00abbatalla diplom\u00e1tica\u00bb frente a EE. UU. para dirimir controversias hist\u00f3ricas"},"content":{"rendered":"\n<p>Puerto La Cruz, Anzo\u00e1tegui.- En el marco del Encuentro con los Trabajadores del Sector Hidrocarburos, realizado en la refiner\u00eda Puerto La Cruz, en el estado Anzo\u00e1tegui, la presidenta encargada de la Rep\u00fablica, Delcy Rodr\u00edguez, asegur\u00f3 que el pa\u00eds se encamina con fortaleza hacia una etapa de defensa de la soberan\u00eda basada en la Diplomacia Bolivariana de Paz. <\/p>\n\n\n\n<p>\u00abVamos cara a cara con el gobierno de los Estados Unidos, vamos a resolver nuestras diferencias, nuestras controversias hist\u00f3ricas a trav\u00e9s de la diplomacia bolivariana\u00bb, afirm\u00f3, haciendo un llamado a la unidad nacional bajo el esp\u00edritu de los pr\u00f3ceres de la independencia.<\/p>\n\n\n\n<p>Durante su intervenci\u00f3n, destac\u00f3 que el objetivo central de esta postura es blindar la estabilidad interna, tras la reciente instalaci\u00f3n del programa para la convivencia democr\u00e1tica. \u00abVamos a la batalla diplom\u00e1tica, frente a frente, y le hemos dicho: no tenemos miedo (&#8230;) porque si algo debe unirnos hoy como pueblo, es garantizar la paz y la tranquilidad de esta patria\u00bb, sentenci\u00f3 Rodr\u00edguez, subrayando que la dignidad y el honor ser\u00e1n las premisas de este proceso de di\u00e1logo internacional.<\/p>\n\n\n\n<p>Prensa Presidencial\/ Iliana Rosales<\/p>\n","protected":false},"excerpt":{"rendered":"<p>Puerto La Cruz, Anzo\u00e1tegui.- En el marco del Encuentro con los Trabajadores del Sector Hidrocarburos, realizado en la refiner\u00eda Puerto La Cruz, en el estado Anzo\u00e1tegui, la presidenta encargada de la Rep\u00fablica, Delcy Rodr\u00edguez, asegur\u00f3 que el pa\u00eds se encamina con fortaleza hacia una etapa de defensa de la soberan\u00eda basada en la Diplomacia Bolivariana [&hellip;]<\/p>\n","protected":false},"author":17,"featured_media":39113,"comment_status":"open","ping_status":"open","sticky":false,"template":"","format":"standard","meta":{"footnotes":""},"categories":[18,7],"tags":[],"class_list":["post-39049","post","type-post","status-publish","format-standard","has-post-thumbnail","hentry","category-noticias-principales","category-notas-de-prensa"],"_links":{"self":[{"href":"https:\/\/prensapresidencialvenezuela.gob.ve\/index.php\/wp-json\/wp\/v2\/posts\/39049","targetHints":{"allow":["GET"]}}],"collection":[{"href":"https:\/\/prensapresidencialvenezuela.gob.ve\/index.php\/wp-json\/wp\/v2\/posts"}],"about":[{"href":"https:\/\/prensapresidencialvenezuela.gob.ve\/index.php\/wp-json\/wp\/v2\/types\/post"}],"author":[{"embeddable":true,"href":"https:\/\/prensapresidencialvenezuela.gob.ve\/index.php\/wp-json\/wp\/v2\/users\/17"}],"replies":[{"embeddable":true,"href":"https:\/\/prensapresidencialvenezuela.gob.ve\/index.php\/wp-json\/wp\/v2\/comments?post=39049"}],"version-history":[{"count":2,"href":"https:\/\/prensapresidencialvenezuela.gob.ve\/index.php\/wp-json\/wp\/v2\/posts\/39049\/revisions"}],"predecessor-version":[{"id":39059,"href":"https:\/\/prensapresidencialvenezuela.gob.ve\/index.php\/wp-json\/wp\/v2\/posts\/39049\/revisions\/39059"}],"wp:featuredmedia":[{"embeddable":true,"href":"https:\/\/prensapresidencialvenezuela.gob.ve\/index.php\/wp-json\/wp\/v2\/media\/39113"}],"wp:attachment":[{"href":"https:\/\/prensapresidencialvenezuela.gob.ve\/index.php\/wp-json\/wp\/v2\/media?parent=39049"}],"wp:term":[{"taxonomy":"category","embeddable":true,"href":"https:\/\/prensapresidencialvenezuela.gob.ve\/index.php\/wp-json\/wp\/v2\/categories?post=39049"},{"taxonomy":"post_tag","embeddable":true,"href":"https:\/\/prensapresidencialvenezuela.gob.ve\/index.php\/wp-json\/wp\/v2\/tags?post=39049"}],"curies":[{"name":"wp","href":"https:\/\/api.w.org\/{rel}","templated":true}]}}