{"id":39051,"date":"2026-01-25T12:45:49","date_gmt":"2026-01-25T16:45:49","guid":{"rendered":"https:\/\/prensapresidencialvenezuela.gob.ve\/?p=39051"},"modified":"2026-01-25T12:45:49","modified_gmt":"2026-01-25T16:45:49","slug":"presidenta-encargada-delcy-rodriguez-resalto-calma-y-cordura-del-pueblo-venezolano-tras-agresion-militar","status":"publish","type":"post","link":"https:\/\/prensapresidencialvenezuela.gob.ve\/index.php\/2026\/01\/25\/presidenta-encargada-delcy-rodriguez-resalto-calma-y-cordura-del-pueblo-venezolano-tras-agresion-militar\/","title":{"rendered":"Presidenta encargada Delcy Rodr\u00edguez resalt\u00f3 \u00abcalma y cordura\u00bb del pueblo venezolano tras agresi\u00f3n militar"},"content":{"rendered":"\n<p>Puerto La Cruz, Anzo\u00e1tegui.\u2013 Desde la refiner\u00eda de Puerto La Cruz, estado Anzo\u00e1tegui, la presidenta encargada de Venezuela, Delcy Rodr\u00edguez, elogi\u00f3 la madurez pol\u00edtica de la poblaci\u00f3n ante la agresi\u00f3n militar de la cual fue v\u00edctima la Naci\u00f3n, el pasado 3 de enero. <\/p>\n\n\n\n<p>Durante el \u00abEncuentro con los trabajadores del sector Hidrocarburos\u00bb, Rodr\u00edguez destac\u00f3 que el pa\u00eds ha mantenido la estabilidad social. Record\u00f3 que tras los hechos se esperaba que el pa\u00eds entrara en estado de caos, pero que la respuesta del pueblo fue calma y cordura.<\/p>\n\n\n\n<p>La Mandataria Encargada calific\u00f3 la reacci\u00f3n ciudadana como la de \u00ablos hijos y las hijas de Sim\u00f3n Bol\u00edvar\u00bb.<\/p>\n\n\n\n<p><strong>En materia energ\u00e9tica operativa<\/strong><\/p>\n\n\n\n<p>Rodr\u00edguez aprovecho la ocasi\u00f3n para resaltar la soberan\u00eda energ\u00e9tica alcanzada por la industria nacional pese a las medidas coercitivas. <\/p>\n\n\n\n<p>Celebr\u00f3 que el complejo refinador nacional lograra un hito hist\u00f3rico recientemente: \u00abEs verdad que el a\u00f1o 2025, por primera vez en una d\u00e9cada, Venezuela no tuvo que importar combustible, porque fueron las refiner\u00edas venezolanas las que garantizaron el combustible para el pueblo\u00bb.<\/p>\n\n\n\n<p>No obstante, reconoci\u00f3 que la agresi\u00f3n militar oblig\u00f3 a realizar ajustes estrat\u00e9gicos en la producci\u00f3n debido a la imposibilidad temporal de exportar crudo por las v\u00edas habituales. <\/p>\n\n\n\n<p>Finalmente, asegur\u00f3 que los planes de expansi\u00f3n de la industria petrolera no se detendr\u00e1n y que el Estado ya proyecta el retorno al mercado internacional. \u00abRealizamos nosotros, en la Junta Directiva, los planes para el a\u00f1o 2026, y ya hab\u00edamos incorporado procesos para exportar combustible, y se van a mantener\u00bb, sentenci\u00f3.<\/p>\n\n\n\n<p>Prensa Presidencial\/ Iliana Rosales<\/p>\n","protected":false},"excerpt":{"rendered":"<p>Puerto La Cruz, Anzo\u00e1tegui.\u2013 Desde la refiner\u00eda de Puerto La Cruz, estado Anzo\u00e1tegui, la presidenta encargada de Venezuela, Delcy Rodr\u00edguez, elogi\u00f3 la madurez pol\u00edtica de la poblaci\u00f3n ante la agresi\u00f3n militar de la cual fue v\u00edctima la Naci\u00f3n, el pasado 3 de enero. Durante el \u00abEncuentro con los trabajadores del sector Hidrocarburos\u00bb, Rodr\u00edguez destac\u00f3 que [&hellip;]<\/p>\n","protected":false},"author":17,"featured_media":39117,"comment_status":"open","ping_status":"open","sticky":false,"template":"","format":"standard","meta":{"footnotes":""},"categories":[18,7],"tags":[],"class_list":["post-39051","post","type-post","status-publish","format-standard","has-post-thumbnail","hentry","category-noticias-principales","category-notas-de-prensa"],"_links":{"self":[{"href":"https:\/\/prensapresidencialvenezuela.gob.ve\/index.php\/wp-json\/wp\/v2\/posts\/39051","targetHints":{"allow":["GET"]}}],"collection":[{"href":"https:\/\/prensapresidencialvenezuela.gob.ve\/index.php\/wp-json\/wp\/v2\/posts"}],"about":[{"href":"https:\/\/prensapresidencialvenezuela.gob.ve\/index.php\/wp-json\/wp\/v2\/types\/post"}],"author":[{"embeddable":true,"href":"https:\/\/prensapresidencialvenezuela.gob.ve\/index.php\/wp-json\/wp\/v2\/users\/17"}],"replies":[{"embeddable":true,"href":"https:\/\/prensapresidencialvenezuela.gob.ve\/index.php\/wp-json\/wp\/v2\/comments?post=39051"}],"version-history":[{"count":2,"href":"https:\/\/prensapresidencialvenezuela.gob.ve\/index.php\/wp-json\/wp\/v2\/posts\/39051\/revisions"}],"predecessor-version":[{"id":39057,"href":"https:\/\/prensapresidencialvenezuela.gob.ve\/index.php\/wp-json\/wp\/v2\/posts\/39051\/revisions\/39057"}],"wp:featuredmedia":[{"embeddable":true,"href":"https:\/\/prensapresidencialvenezuela.gob.ve\/index.php\/wp-json\/wp\/v2\/media\/39117"}],"wp:attachment":[{"href":"https:\/\/prensapresidencialvenezuela.gob.ve\/index.php\/wp-json\/wp\/v2\/media?parent=39051"}],"wp:term":[{"taxonomy":"category","embeddable":true,"href":"https:\/\/prensapresidencialvenezuela.gob.ve\/index.php\/wp-json\/wp\/v2\/categories?post=39051"},{"taxonomy":"post_tag","embeddable":true,"href":"https:\/\/prensapresidencialvenezuela.gob.ve\/index.php\/wp-json\/wp\/v2\/tags?post=39051"}],"curies":[{"name":"wp","href":"https:\/\/api.w.org\/{rel}","templated":true}]}}