{"id":39082,"date":"2026-01-25T12:40:15","date_gmt":"2026-01-25T16:40:15","guid":{"rendered":"https:\/\/prensapresidencialvenezuela.gob.ve\/?p=39082"},"modified":"2026-01-25T12:40:16","modified_gmt":"2026-01-25T16:40:16","slug":"venezuela-busca-consolidarse-como-potencia-energetica-con-la-exportacion-de-gas-y-la-reforma-de-ley-de-hidrocarburos","status":"publish","type":"post","link":"https:\/\/prensapresidencialvenezuela.gob.ve\/index.php\/2026\/01\/25\/venezuela-busca-consolidarse-como-potencia-energetica-con-la-exportacion-de-gas-y-la-reforma-de-ley-de-hidrocarburos\/","title":{"rendered":"Venezuela busca consolidarse como potencia energ\u00e9tica con la exportaci\u00f3n de gas y la reforma de Ley de Hidrocarburos"},"content":{"rendered":"\n<p>Puerto La Cruz, Anzo\u00e1tegui.\u2013 Durante el \u00abEncuentro con los trabajadores del sector Hidrocarburos\u00bb en la refiner\u00eda de Puerto La Cruz, la presidenta encargada de Venezuela, Delcy Rodr\u00edguez, anunci\u00f3 que con la reforma parcial de la Ley Org\u00e1nica de Hidrocarburos, se busca optimizar la explotaci\u00f3n de recursos bajo principios de \u00absoberan\u00eda energ\u00e9tica\u00bb para garantizar que la riqueza del subsuelo se traduzca en \u00abfelicidad econ\u00f3mica y social\u00bb para el pueblo. <\/p>\n\n\n\n<p>Rodr\u00edguez enfatiz\u00f3 que el pa\u00eds no teme a la agenda energ\u00e9tica global: \u00abNo hay que tener miedo a la agenda energ\u00e9tica, ni con los Estados Unidos, ni con el resto de los pa\u00edses del mundo. Es un derecho de Venezuela la diversidad en sus relaciones internacionales\u00bb. <\/p>\n\n\n\n<p>La mandataria encargada resalt\u00f3 un hito hist\u00f3rico en la industria al recordar que Venezuela ya ha concretado su primer contrato para la exportaci\u00f3n de gas, proyectando al pa\u00eds como una potencia en este rubro m\u00e1s all\u00e1 del petr\u00f3leo. \u00abNo creyeron, pero ya nosotros cerramos un contrato para exportar la primera mol\u00e9cula de gas de Venezuela y ahora vamos por m\u00e1s\u00bb, afirm\u00f3 ante la clase obrera, subrayando que el objetivo es transformar las mayores reservas de crudo del mundo y las vastas reservas gas\u00edferas del hemisferio en prosperidad tangible. <\/p>\n\n\n\n<p>En su discurso, asegur\u00f3 que el legado del Comandante Eterno Hugo Ch\u00e1vez sobre la propiedad de los recursos se mantendr\u00e1n \u00abintocables e intactos\u00bb dentro del nuevo marco legal, propuesto el pasado 15 de enero. <\/p>\n\n\n\n<p>Finalmente, Rodr\u00edguez hizo un llamado a la unidad del sector, reconociendo el papel fundamental de la fuerza laboral en la recuperaci\u00f3n de la industria. <\/p>\n\n\n\n<p>Prensa Presidencial\/ Iliana Rosale<\/p>\n","protected":false},"excerpt":{"rendered":"<p>Puerto La Cruz, Anzo\u00e1tegui.\u2013 Durante el \u00abEncuentro con los trabajadores del sector Hidrocarburos\u00bb en la refiner\u00eda de Puerto La Cruz, la presidenta encargada de Venezuela, Delcy Rodr\u00edguez, anunci\u00f3 que con la reforma parcial de la Ley Org\u00e1nica de Hidrocarburos, se busca optimizar la explotaci\u00f3n de recursos bajo principios de \u00absoberan\u00eda energ\u00e9tica\u00bb para garantizar que la [&hellip;]<\/p>\n","protected":false},"author":17,"featured_media":39115,"comment_status":"open","ping_status":"open","sticky":false,"template":"","format":"standard","meta":{"footnotes":""},"categories":[18,7],"tags":[],"class_list":["post-39082","post","type-post","status-publish","format-standard","has-post-thumbnail","hentry","category-noticias-principales","category-notas-de-prensa"],"_links":{"self":[{"href":"https:\/\/prensapresidencialvenezuela.gob.ve\/index.php\/wp-json\/wp\/v2\/posts\/39082","targetHints":{"allow":["GET"]}}],"collection":[{"href":"https:\/\/prensapresidencialvenezuela.gob.ve\/index.php\/wp-json\/wp\/v2\/posts"}],"about":[{"href":"https:\/\/prensapresidencialvenezuela.gob.ve\/index.php\/wp-json\/wp\/v2\/types\/post"}],"author":[{"embeddable":true,"href":"https:\/\/prensapresidencialvenezuela.gob.ve\/index.php\/wp-json\/wp\/v2\/users\/17"}],"replies":[{"embeddable":true,"href":"https:\/\/prensapresidencialvenezuela.gob.ve\/index.php\/wp-json\/wp\/v2\/comments?post=39082"}],"version-history":[{"count":1,"href":"https:\/\/prensapresidencialvenezuela.gob.ve\/index.php\/wp-json\/wp\/v2\/posts\/39082\/revisions"}],"predecessor-version":[{"id":39083,"href":"https:\/\/prensapresidencialvenezuela.gob.ve\/index.php\/wp-json\/wp\/v2\/posts\/39082\/revisions\/39083"}],"wp:featuredmedia":[{"embeddable":true,"href":"https:\/\/prensapresidencialvenezuela.gob.ve\/index.php\/wp-json\/wp\/v2\/media\/39115"}],"wp:attachment":[{"href":"https:\/\/prensapresidencialvenezuela.gob.ve\/index.php\/wp-json\/wp\/v2\/media?parent=39082"}],"wp:term":[{"taxonomy":"category","embeddable":true,"href":"https:\/\/prensapresidencialvenezuela.gob.ve\/index.php\/wp-json\/wp\/v2\/categories?post=39082"},{"taxonomy":"post_tag","embeddable":true,"href":"https:\/\/prensapresidencialvenezuela.gob.ve\/index.php\/wp-json\/wp\/v2\/tags?post=39082"}],"curies":[{"name":"wp","href":"https:\/\/api.w.org\/{rel}","templated":true}]}}