{"id":39121,"date":"2026-01-25T13:02:34","date_gmt":"2026-01-25T17:02:34","guid":{"rendered":"https:\/\/prensapresidencialvenezuela.gob.ve\/?p=39121"},"modified":"2026-01-26T11:50:18","modified_gmt":"2026-01-26T15:50:18","slug":"delcy-rodriguez-quienes-pidieron-invasiones-no-son-patriotas-y-no-pueden-ser-incluidos-en-la-vida-de-la-republica","status":"publish","type":"post","link":"https:\/\/prensapresidencialvenezuela.gob.ve\/index.php\/2026\/01\/25\/delcy-rodriguez-quienes-pidieron-invasiones-no-son-patriotas-y-no-pueden-ser-incluidos-en-la-vida-de-la-republica\/","title":{"rendered":"Delcy Rodr\u00edguez: \u00abQuienes pidieron invasiones no son patriotas y no pueden ser incluidos en la vida de la Rep\u00fablica\u00bb"},"content":{"rendered":"\n<p>Puerto La Cruz, Anzo\u00e1tegui.- Durante el Encuentro con los Trabajadores del Sector Hidrocarburos, realizado en la refiner\u00eda de Puerto La Cruz, la presidenta encargada de Venezuela, Delcy Rodr\u00edguez, expres\u00f3 que los sectores que han promovido agresiones contra el territorio nacional carecen de identidad nacional. <\/p>\n\n\n\n<p>\u00abNo son patriotas, hermanos y hermanas, no lo son&#8230; no pueden estar incluidos en la vida de nuestra Rep\u00fablica\u00bb, afirm\u00f3, tras fustigar a quienes apoyaron la agresi\u00f3n militar contra el pueblo venezolano y solicitaron bloqueos e invasiones contra la integridad territorial. <\/p>\n\n\n\n<p>La Mandataria Encargada hizo un llamado a la uni\u00f3n nacional para defender la convivencia democr\u00e1tica. \u00abQuienes piensen distinto, bienvenidos a la discusi\u00f3n con respeto; quienes busquen el da\u00f1o y el mal para Venezuela, que queden completamente rechazados y separados\u00bb, enfatiz\u00f3. <\/p>\n\n\n\n<p>En ese sentido, exigi\u00f3 el cese de las \u00f3rdenes externas sobre la dirigencia local: \u00abYa basta de potencias extranjeras&#8230; que sea la pol\u00edtica venezolana quien resuelva nuestra divergencia\u00bb. <\/p>\n\n\n\n<p>Finalmente, Rodr\u00edguez vincul\u00f3 la estabilidad pol\u00edtica con el bienestar productivo, destacando el rol de la clase obrera petrolera en la recuperaci\u00f3n del pa\u00eds. \u00abNo puede existir paz social sin inclusi\u00f3n econ\u00f3mica\u00bb, se\u00f1al\u00f3, asegurando que los trabajadores del sector hidrocarburos se mantienen a la vanguardia de la felicidad econ\u00f3mica de la naci\u00f3n. <\/p>\n\n\n\n<p>Prensa Presidencial\/ Iliana Rosales<\/p>\n","protected":false},"excerpt":{"rendered":"<p>Puerto La Cruz, Anzo\u00e1tegui.- Durante el Encuentro con los Trabajadores del Sector Hidrocarburos, realizado en la refiner\u00eda de Puerto La Cruz, la presidenta encargada de Venezuela, Delcy Rodr\u00edguez, expres\u00f3 que los sectores que han promovido agresiones contra el territorio nacional carecen de identidad nacional. \u00abNo son patriotas, hermanos y hermanas, no lo son&#8230; no pueden [&hellip;]<\/p>\n","protected":false},"author":19,"featured_media":39124,"comment_status":"open","ping_status":"open","sticky":false,"template":"","format":"standard","meta":{"footnotes":""},"categories":[18,7],"tags":[],"class_list":["post-39121","post","type-post","status-publish","format-standard","has-post-thumbnail","hentry","category-noticias-principales","category-notas-de-prensa"],"_links":{"self":[{"href":"https:\/\/prensapresidencialvenezuela.gob.ve\/index.php\/wp-json\/wp\/v2\/posts\/39121","targetHints":{"allow":["GET"]}}],"collection":[{"href":"https:\/\/prensapresidencialvenezuela.gob.ve\/index.php\/wp-json\/wp\/v2\/posts"}],"about":[{"href":"https:\/\/prensapresidencialvenezuela.gob.ve\/index.php\/wp-json\/wp\/v2\/types\/post"}],"author":[{"embeddable":true,"href":"https:\/\/prensapresidencialvenezuela.gob.ve\/index.php\/wp-json\/wp\/v2\/users\/19"}],"replies":[{"embeddable":true,"href":"https:\/\/prensapresidencialvenezuela.gob.ve\/index.php\/wp-json\/wp\/v2\/comments?post=39121"}],"version-history":[{"count":1,"href":"https:\/\/prensapresidencialvenezuela.gob.ve\/index.php\/wp-json\/wp\/v2\/posts\/39121\/revisions"}],"predecessor-version":[{"id":39125,"href":"https:\/\/prensapresidencialvenezuela.gob.ve\/index.php\/wp-json\/wp\/v2\/posts\/39121\/revisions\/39125"}],"wp:featuredmedia":[{"embeddable":true,"href":"https:\/\/prensapresidencialvenezuela.gob.ve\/index.php\/wp-json\/wp\/v2\/media\/39124"}],"wp:attachment":[{"href":"https:\/\/prensapresidencialvenezuela.gob.ve\/index.php\/wp-json\/wp\/v2\/media?parent=39121"}],"wp:term":[{"taxonomy":"category","embeddable":true,"href":"https:\/\/prensapresidencialvenezuela.gob.ve\/index.php\/wp-json\/wp\/v2\/categories?post=39121"},{"taxonomy":"post_tag","embeddable":true,"href":"https:\/\/prensapresidencialvenezuela.gob.ve\/index.php\/wp-json\/wp\/v2\/tags?post=39121"}],"curies":[{"name":"wp","href":"https:\/\/api.w.org\/{rel}","templated":true}]}}