{"id":39221,"date":"2026-01-26T20:50:00","date_gmt":"2026-01-27T00:50:00","guid":{"rendered":"https:\/\/prensapresidencialvenezuela.gob.ve\/?p=39221"},"modified":"2026-01-26T20:50:23","modified_gmt":"2026-01-27T00:50:23","slug":"nabep-cpp-representan-un-giro-estrategico-y-modernizador-en-nuestra-industria-petrolera","status":"publish","type":"post","link":"https:\/\/prensapresidencialvenezuela.gob.ve\/index.php\/2026\/01\/26\/nabep-cpp-representan-un-giro-estrategico-y-modernizador-en-nuestra-industria-petrolera\/","title":{"rendered":"Nabep: \u00abCPP representan un giro estrat\u00e9gico y modernizador en nuestra industria petrolera\u00bb"},"content":{"rendered":"\n<p><strong>Caracas, Venezuela.-<\/strong> El director de la empresa Nabep y representante de los Contratos de Participaci\u00f3n Productiva (CPP) de Hidrocarburos, Pedro Arturo Balart Alejos, en un encuentro en el que se discute sobre la Consulta P\u00fablica de la Reforma Parcial de la Ley Org\u00e1nica de Hidrocarburos, destac\u00f3 que los Contratos de Participaci\u00f3n de Hidrocarburos representan un giro estrat\u00e9gico y modernizador en nuestra industria petrolera. \u00abEsta iniciativa se ha transformado en un ecosistema m\u00e1s abierto, donde la empresa privada pasa a ser un aliado estrat\u00e9gico indispensable al pa\u00eds\u00bb.<\/p>\n\n\n\n<p>En este mismo orden de ideas, Balart Alejos explic\u00f3 que bajo este nuevo esquema, el gobierno nacional ha dise\u00f1ado un marco de negociaci\u00f3n en una relaci\u00f3n \u00abganar-ganar, que resalta por su pragmatismo y su visi\u00f3n de futuro\u00bb.<\/p>\n\n\n\n<p>A su criterio, estos contratos protegen la inversi\u00f3n privada mientras el Estado venezolano preserva la propiedad del recurso bajo un modelo de soberan\u00eda productiva, \u00abpermitiendo al inversionista traer e incorporar tecnolog\u00edas propias, inyecci\u00f3n de capital para actualizar la infraestructura cr\u00edtica y dinamizar la econom\u00eda local mediante la contrataci\u00f3n de servicios, as\u00ed como asegurar empleos directos e indirectos al capital humano venezolano\u00bb, dijo.<\/p>\n\n\n\n<p>En su discurso, Balart plante\u00f3 la importancia de disminuir las sanciones para fortalecer las cadenas de suministro y estructuras financieras, \u00ablo cual, de seguro, afianzar\u00e1 el crecimiento de los proyectos para los a\u00f1os venideros\u00bb, expres\u00f3 desde la experiencia de los CPP que actualmente maneja Nabep.<\/p>\n\n\n\n<p><strong>Datos relevantes en cifras<\/strong><\/p>\n\n\n\n<ul class=\"wp-block-list\">\n<li>La gesti\u00f3n de Nabep ha aportado m\u00e1s de 53 millones de barriles a Venezuela.<\/li>\n\n\n\n<li>Nabep ha recuperado infraestructuras cr\u00edticas a la producci\u00f3n con una inversi\u00f3n de m\u00e1s de 1.700 millones de d\u00f3lares.<\/li>\n\n\n\n<li>M\u00e1s de 53 mil venezolanos se han beneficiado de los proyectos puestos en marcha por Nabep.<\/li>\n\n\n\n<li>El 99% de la partida de Nabep es personal local.<\/li>\n\n\n\n<li>Desde los estudios de los yacimientos, en trabajo conjunto, Nabep ha logrado incorporar en los libros de reserva m\u00e1s de 1.100 millones de barriles de petr\u00f3leo en el CPP de Petro Cede\u00f1o.<\/li>\n\n\n\n<li>Las comunidades aleda\u00f1as a los pozos se han incorporado a este aparato productivo nacional.<\/li>\n\n\n\n<li>Para el a\u00f1o 2026, Nabep se plantea incorporar y manejar una producci\u00f3n operada diaria al cierre de este a\u00f1o de m\u00e1s de 300 mil barriles, como meta propia.<\/li>\n\n\n\n<li>Nabep tiene el compromiso de realizar una inversi\u00f3n que supera los 2 mil 500 millones de d\u00f3lares, aportando en todo lo que esto representa, el bienestar social para el pa\u00eds y a la econom\u00eda de la naci\u00f3n.<\/li>\n<\/ul>\n\n\n\n<p>Pedro Balart finaliz\u00f3 su participaci\u00f3n indicando que continuar\u00e1n ejecutando sus obras \u00abcon el mayor cuidado y protecci\u00f3n del medio ambiente (\u2026). En el caso de Nabep, es un hecho notorio\u00bb, sentenci\u00f3.<\/p>\n\n\n\n<p><strong>Prensa Presidencial\/ Claudia Guerra M\u00e9ndez<\/strong><\/p>\n","protected":false},"excerpt":{"rendered":"<p>Caracas, Venezuela.- El director de la empresa Nabep y representante de los Contratos de Participaci\u00f3n Productiva (CPP) de Hidrocarburos, Pedro Arturo Balart Alejos, en un encuentro en el que se discute sobre la Consulta P\u00fablica de la Reforma Parcial de la Ley Org\u00e1nica de Hidrocarburos, destac\u00f3 que los Contratos de Participaci\u00f3n de Hidrocarburos representan un [&hellip;]<\/p>\n","protected":false},"author":18,"featured_media":39222,"comment_status":"open","ping_status":"open","sticky":false,"template":"","format":"standard","meta":{"footnotes":""},"categories":[18,7],"tags":[19,557,1891,27,20],"class_list":["post-39221","post","type-post","status-publish","format-standard","has-post-thumbnail","hentry","category-noticias-principales","category-notas-de-prensa","tag-nicolas-maduro","tag-paz","tag-presidenta-encargada-delcy-rodriguez","tag-revolucion-bolivariana","tag-venezuela"],"_links":{"self":[{"href":"https:\/\/prensapresidencialvenezuela.gob.ve\/index.php\/wp-json\/wp\/v2\/posts\/39221","targetHints":{"allow":["GET"]}}],"collection":[{"href":"https:\/\/prensapresidencialvenezuela.gob.ve\/index.php\/wp-json\/wp\/v2\/posts"}],"about":[{"href":"https:\/\/prensapresidencialvenezuela.gob.ve\/index.php\/wp-json\/wp\/v2\/types\/post"}],"author":[{"embeddable":true,"href":"https:\/\/prensapresidencialvenezuela.gob.ve\/index.php\/wp-json\/wp\/v2\/users\/18"}],"replies":[{"embeddable":true,"href":"https:\/\/prensapresidencialvenezuela.gob.ve\/index.php\/wp-json\/wp\/v2\/comments?post=39221"}],"version-history":[{"count":1,"href":"https:\/\/prensapresidencialvenezuela.gob.ve\/index.php\/wp-json\/wp\/v2\/posts\/39221\/revisions"}],"predecessor-version":[{"id":39223,"href":"https:\/\/prensapresidencialvenezuela.gob.ve\/index.php\/wp-json\/wp\/v2\/posts\/39221\/revisions\/39223"}],"wp:featuredmedia":[{"embeddable":true,"href":"https:\/\/prensapresidencialvenezuela.gob.ve\/index.php\/wp-json\/wp\/v2\/media\/39222"}],"wp:attachment":[{"href":"https:\/\/prensapresidencialvenezuela.gob.ve\/index.php\/wp-json\/wp\/v2\/media?parent=39221"}],"wp:term":[{"taxonomy":"category","embeddable":true,"href":"https:\/\/prensapresidencialvenezuela.gob.ve\/index.php\/wp-json\/wp\/v2\/categories?post=39221"},{"taxonomy":"post_tag","embeddable":true,"href":"https:\/\/prensapresidencialvenezuela.gob.ve\/index.php\/wp-json\/wp\/v2\/tags?post=39221"}],"curies":[{"name":"wp","href":"https:\/\/api.w.org\/{rel}","templated":true}]}}