{"id":39270,"date":"2026-01-27T19:19:19","date_gmt":"2026-01-27T23:19:19","guid":{"rendered":"https:\/\/prensapresidencialvenezuela.gob.ve\/?p=39270"},"modified":"2026-01-27T19:19:20","modified_gmt":"2026-01-27T23:19:20","slug":"iniciara-activacion-de-programas-de-atencion-para-pacientes-cardiovasculares-y-con-cataratas-en-todos-los-estados-del-pais","status":"publish","type":"post","link":"https:\/\/prensapresidencialvenezuela.gob.ve\/index.php\/2026\/01\/27\/iniciara-activacion-de-programas-de-atencion-para-pacientes-cardiovasculares-y-con-cataratas-en-todos-los-estados-del-pais\/","title":{"rendered":"Iniciar\u00e1 activaci\u00f3n de programas de atenci\u00f3n para pacientes cardiovasculares y con cataratas en todos los estados del pa\u00eds"},"content":{"rendered":"\n<p><strong>Caracas, Venezuela. &#8211;<\/strong> La presidenta encargada de la Rep\u00fablica Bolivariana de Venezuela, Delcy Rodr\u00edguez, anunci\u00f3 que en las pr\u00f3ximas horas se estar\u00e1 activando en los hospitales p\u00fablicos de Venezuela, el servicio y programa para atender pacientes con cataratas, as\u00ed como a los que necesiten de atenci\u00f3n en salud cardiovascular.<\/p>\n\n\n\n<p>Asimismo, inform\u00f3 que esta asistencia m\u00e9dica incluir\u00e1 la colocaci\u00f3n de marcapasos, cirug\u00eda de cataratas y la realizaci\u00f3n de cateterismo; esto como parte del Plan por la Salud y la Vida 2026 para Venezuela.<\/p>\n\n\n\n<p>Durante la actividad, la Presidenta Encargada resalt\u00f3 que este plan comenzar\u00e1 en el Hospital Universitario de Caracas, ya que esta iniciativa tiene como fin, ampliar las capacidades de este sector y fortalecer la atenci\u00f3n integral del pueblo venezolano<\/p>\n\n\n\n<p>En este orden de ideas, la Mandataria venezolana acot\u00f3 que estos casos han sido captados a trav\u00e9s de la aplicaci\u00f3n VenApp y el 1 x 10 del Buen Gobierno, mediante los cuales se ha realizado un an\u00e1lisis con el equipo de la ministra del Poder Popular para la Salud, Nuramy Guti\u00e9rrez.<\/p>\n\n\n\n<p>Es importante subrayar que el pasado 14 de enero, Rodr\u00edguez asever\u00f3 que \u00abcomo primer compromiso de este plan es que cada d\u00f3lar que ingrese a Venezuela, de nuestra industria petrolera y gas\u00edfera, sea destinado a atender los requerimientos de salud del pueblo venezolano\u00bb.<\/p>\n\n\n\n<p>Por otra parte, reiter\u00f3 su agradecimiento al presidente de Brasil, Lula Da Silva, quien inmediatamente el d\u00eda 3 de enero del presente a\u00f1o, brind\u00f3 su mano amiga y solidaria a Venezuela enviando medicamentos e insumos para atender a los pacientes renales.<\/p>\n\n\n\n<p><strong>Prensa Presidencial\/ Irmary D\u00edaz<\/strong><\/p>\n\n\n\n<p><\/p>\n","protected":false},"excerpt":{"rendered":"<p>Caracas, Venezuela. &#8211; La presidenta encargada de la Rep\u00fablica Bolivariana de Venezuela, Delcy Rodr\u00edguez, anunci\u00f3 que en las pr\u00f3ximas horas se estar\u00e1 activando en los hospitales p\u00fablicos de Venezuela, el servicio y programa para atender pacientes con cataratas, as\u00ed como a los que necesiten de atenci\u00f3n en salud cardiovascular. Asimismo, inform\u00f3 que esta asistencia m\u00e9dica [&hellip;]<\/p>\n","protected":false},"author":15,"featured_media":39305,"comment_status":"open","ping_status":"open","sticky":false,"template":"","format":"standard","meta":{"footnotes":""},"categories":[18,7],"tags":[],"class_list":["post-39270","post","type-post","status-publish","format-standard","has-post-thumbnail","hentry","category-noticias-principales","category-notas-de-prensa"],"_links":{"self":[{"href":"https:\/\/prensapresidencialvenezuela.gob.ve\/index.php\/wp-json\/wp\/v2\/posts\/39270","targetHints":{"allow":["GET"]}}],"collection":[{"href":"https:\/\/prensapresidencialvenezuela.gob.ve\/index.php\/wp-json\/wp\/v2\/posts"}],"about":[{"href":"https:\/\/prensapresidencialvenezuela.gob.ve\/index.php\/wp-json\/wp\/v2\/types\/post"}],"author":[{"embeddable":true,"href":"https:\/\/prensapresidencialvenezuela.gob.ve\/index.php\/wp-json\/wp\/v2\/users\/15"}],"replies":[{"embeddable":true,"href":"https:\/\/prensapresidencialvenezuela.gob.ve\/index.php\/wp-json\/wp\/v2\/comments?post=39270"}],"version-history":[{"count":1,"href":"https:\/\/prensapresidencialvenezuela.gob.ve\/index.php\/wp-json\/wp\/v2\/posts\/39270\/revisions"}],"predecessor-version":[{"id":39306,"href":"https:\/\/prensapresidencialvenezuela.gob.ve\/index.php\/wp-json\/wp\/v2\/posts\/39270\/revisions\/39306"}],"wp:featuredmedia":[{"embeddable":true,"href":"https:\/\/prensapresidencialvenezuela.gob.ve\/index.php\/wp-json\/wp\/v2\/media\/39305"}],"wp:attachment":[{"href":"https:\/\/prensapresidencialvenezuela.gob.ve\/index.php\/wp-json\/wp\/v2\/media?parent=39270"}],"wp:term":[{"taxonomy":"category","embeddable":true,"href":"https:\/\/prensapresidencialvenezuela.gob.ve\/index.php\/wp-json\/wp\/v2\/categories?post=39270"},{"taxonomy":"post_tag","embeddable":true,"href":"https:\/\/prensapresidencialvenezuela.gob.ve\/index.php\/wp-json\/wp\/v2\/tags?post=39270"}],"curies":[{"name":"wp","href":"https:\/\/api.w.org\/{rel}","templated":true}]}}