{"id":39307,"date":"2026-01-27T19:34:43","date_gmt":"2026-01-27T23:34:43","guid":{"rendered":"https:\/\/prensapresidencialvenezuela.gob.ve\/?p=39307"},"modified":"2026-01-27T19:40:50","modified_gmt":"2026-01-27T23:40:50","slug":"presidenta-encargada-recorre-instalaciones-recuperadas-de-ucv-e-invita-a-estudiantes-a-sumarse-al-programa-para-la-convivencia-y-la-paz","status":"publish","type":"post","link":"https:\/\/prensapresidencialvenezuela.gob.ve\/index.php\/2026\/01\/27\/presidenta-encargada-recorre-instalaciones-recuperadas-de-ucv-e-invita-a-estudiantes-a-sumarse-al-programa-para-la-convivencia-y-la-paz\/","title":{"rendered":"Presidenta Encargada recorre instalaciones recuperadas de UCV e invita a estudiantes a sumarse al Programa para la Convivencia y La Paz"},"content":{"rendered":"\n<p><strong>Caracas, Venezuela. &#8211; <\/strong>Este martes, la presidenta encargada de la Rep\u00fablica Bolivariana de Venezuela, Delcy Rodr\u00edguez, realiz\u00f3 un recorrido por las instalaciones de la Universidad Central de Venezuela (UCV); centro universitario que fue restaurado recientemente por el Gobierno Bolivariano. <\/p>\n\n\n\n<figure class=\"wp-block-image size-large\"><img fetchpriority=\"high\" decoding=\"async\" width=\"1024\" height=\"819\" src=\"https:\/\/prensapresidencialvenezuela.gob.ve\/wp-content\/uploads\/2026\/01\/IMG_7935-1024x819.jpg\" alt=\"\" class=\"wp-image-39311\" srcset=\"https:\/\/prensapresidencialvenezuela.gob.ve\/wp-content\/uploads\/2026\/01\/IMG_7935-1024x819.jpg 1024w, https:\/\/prensapresidencialvenezuela.gob.ve\/wp-content\/uploads\/2026\/01\/IMG_7935-300x240.jpg 300w, https:\/\/prensapresidencialvenezuela.gob.ve\/wp-content\/uploads\/2026\/01\/IMG_7935-768x614.jpg 768w, https:\/\/prensapresidencialvenezuela.gob.ve\/wp-content\/uploads\/2026\/01\/IMG_7935-1536x1229.jpg 1536w, https:\/\/prensapresidencialvenezuela.gob.ve\/wp-content\/uploads\/2026\/01\/IMG_7935-2048x1638.jpg 2048w\" sizes=\"(max-width: 1024px) 100vw, 1024px\" \/><\/figure>\n\n\n\n<p>Durante el recorrido la Mandataria, estuvo acompa\u00f1ada por diversas autoridades, y pudo interactuar y compartir su opini\u00f3n con los presentes, en esta \u00abnueva etapa de la casa que vence las sombras\u00bb. Rodr\u00edguez tambi\u00e9n tuvo la oportunidad de intercambiar ideas con estudiantes de la UCV, entre los cuales estaban estudiantes que representan a partidos de la oposici\u00f3n extremista venezolana. <\/p>\n\n\n\n<p>La Presidenta Encargada inst\u00f3 a los estudiantes del sector opositor durante este encuentro a realizar una pol\u00edtica responsable, \u00ablejos del show y la poliquiter\u00eda\u00bb; y a su vez, hizo un llamado al encuentro a todos los actores pol\u00edticos, coincidentes y divergentes, bajo un enfoque inclusivo, ya que \u00ablos venezolanos prefieren los acuerdos, en lugar de la confrontaci\u00f3n\u00bb. <\/p>\n\n\n\n<p>En este sentido, es importante rememorar que Rodr\u00edguez, d\u00edas pasados, llam\u00f3 a la reflexi\u00f3n colectiva y a la unidad nacional como v\u00edas para frenar la violencia y el odio, y as\u00ed, fortalecerla estabilidad institucional y contribuir al bienestar social del pueblo venezolano, en un contexto que demanda serenidad y compromiso pol\u00edtico. <\/p>\n\n\n\n<p>Tambi\u00e9n exhort\u00f3 a los estudiantes a sumarse al Programa para la Convivencia y la Paz, dise\u00f1ado para combatir la incubaci\u00f3n del odio y la violencia en el pa\u00eds. <\/p>\n\n\n\n<p>Este plan, fue recientemente instalado durante un encuentro con los integrantes del Consejo de Convivencia y Paz en el sal\u00f3n Sol del Per\u00fa del Palacio de Miraflores, por la Presidenta Encargada de la Rep\u00fablica Bolivariana de Venezuela, quien subray\u00f3 la necesidad de realizar un \u00abarqueo\u00bb o revisi\u00f3n exhaustiva de la situaci\u00f3n actual para fortalecer la paz desde las bases. <\/p>\n\n\n\n<p><strong>Prensa Presidencial\/ Irmary D\u00edaz<\/strong><\/p>\n","protected":false},"excerpt":{"rendered":"<p>Caracas, Venezuela. &#8211; Este martes, la presidenta encargada de la Rep\u00fablica Bolivariana de Venezuela, Delcy Rodr\u00edguez, realiz\u00f3 un recorrido por las instalaciones de la Universidad Central de Venezuela (UCV); centro universitario que fue restaurado recientemente por el Gobierno Bolivariano. Durante el recorrido la Mandataria, estuvo acompa\u00f1ada por diversas autoridades, y pudo interactuar y compartir su [&hellip;]<\/p>\n","protected":false},"author":15,"featured_media":39310,"comment_status":"open","ping_status":"open","sticky":false,"template":"","format":"standard","meta":{"footnotes":""},"categories":[18,7],"tags":[],"class_list":["post-39307","post","type-post","status-publish","format-standard","has-post-thumbnail","hentry","category-noticias-principales","category-notas-de-prensa"],"_links":{"self":[{"href":"https:\/\/prensapresidencialvenezuela.gob.ve\/index.php\/wp-json\/wp\/v2\/posts\/39307","targetHints":{"allow":["GET"]}}],"collection":[{"href":"https:\/\/prensapresidencialvenezuela.gob.ve\/index.php\/wp-json\/wp\/v2\/posts"}],"about":[{"href":"https:\/\/prensapresidencialvenezuela.gob.ve\/index.php\/wp-json\/wp\/v2\/types\/post"}],"author":[{"embeddable":true,"href":"https:\/\/prensapresidencialvenezuela.gob.ve\/index.php\/wp-json\/wp\/v2\/users\/15"}],"replies":[{"embeddable":true,"href":"https:\/\/prensapresidencialvenezuela.gob.ve\/index.php\/wp-json\/wp\/v2\/comments?post=39307"}],"version-history":[{"count":3,"href":"https:\/\/prensapresidencialvenezuela.gob.ve\/index.php\/wp-json\/wp\/v2\/posts\/39307\/revisions"}],"predecessor-version":[{"id":39316,"href":"https:\/\/prensapresidencialvenezuela.gob.ve\/index.php\/wp-json\/wp\/v2\/posts\/39307\/revisions\/39316"}],"wp:featuredmedia":[{"embeddable":true,"href":"https:\/\/prensapresidencialvenezuela.gob.ve\/index.php\/wp-json\/wp\/v2\/media\/39310"}],"wp:attachment":[{"href":"https:\/\/prensapresidencialvenezuela.gob.ve\/index.php\/wp-json\/wp\/v2\/media?parent=39307"}],"wp:term":[{"taxonomy":"category","embeddable":true,"href":"https:\/\/prensapresidencialvenezuela.gob.ve\/index.php\/wp-json\/wp\/v2\/categories?post=39307"},{"taxonomy":"post_tag","embeddable":true,"href":"https:\/\/prensapresidencialvenezuela.gob.ve\/index.php\/wp-json\/wp\/v2\/tags?post=39307"}],"curies":[{"name":"wp","href":"https:\/\/api.w.org\/{rel}","templated":true}]}}