{"id":3932,"date":"2022-11-05T19:19:00","date_gmt":"2022-11-05T19:19:00","guid":{"rendered":"http:\/\/172.27.0.121\/?p=3932"},"modified":"2022-11-09T15:41:40","modified_gmt":"2022-11-09T15:41:40","slug":"venezuela-apoya-creacion-de-fondo-de-perdidas-y-danos-climaticos","status":"publish","type":"post","link":"https:\/\/prensapresidencialvenezuela.gob.ve\/index.php\/2022\/11\/05\/venezuela-apoya-creacion-de-fondo-de-perdidas-y-danos-climaticos\/","title":{"rendered":"Venezuela apoya creaci\u00f3n de fondo de p\u00e9rdidas y da\u00f1os clim\u00e1ticos"},"content":{"rendered":"\n<p><strong>El Cairo, Egipto.-<\/strong>&nbsp;Venezuela respalda propuesta del G77+China que contempla la creaci\u00f3n de un fondo de p\u00e9rdidas y da\u00f1os clim\u00e1ticos, asever\u00f3 el presidente de la Rep\u00fablica Bolivariana de Venezuela, Nicol\u00e1s Maduro.<\/p>\n\n\n\n<p>En declaraciones a los medios de comunicaci\u00f3n venezolanos, a su llegada a Egipto, el Jefe de Estado indic\u00f3 que est\u00e1 de acuerdo con esta arquitectura financiera.<\/p>\n\n\n\n<p>\u201cSobre la arquitectura financiera, estamos de acuerdo con la propuesta del G77+China para que se cumplan los fondos de financiamiento, sobre todo para las tareas de mitigaci\u00f3n de los pa\u00edses del Sur\u201d.<\/p>\n\n\n\n<p>En esa l\u00ednea, refiri\u00f3 que \u201clos que est\u00e1n contaminando hoy por hoy, paguen, en el marco del proceso de mitigaci\u00f3n y recuperaci\u00f3n\u201d.<\/p>\n\n\n\n<p>Agreg\u00f3 sobre la posici\u00f3n de la naci\u00f3n suramericana frente a la posible creaci\u00f3n de un fondo de p\u00e9rdidas y da\u00f1os clim\u00e1ticos que lo \u201cprimero que nosotros tenemos que exigir desde el Sur del planeta es que haya un cambio en los sistemas desarrollistas altamente contaminadores del Norte, de Europa, de Estados Unidos\u201d.<\/p>\n\n\n\n<p>Ejemplific\u00f3 que con \u201cel conflicto de Ucrania, Europa ha echado a un lado y ha abandonado los planes de reducci\u00f3n de la generaci\u00f3n de gases de efecto invernadero y comienzan a utilizar el carb\u00f3n de manera excesiva, no les importa cumplir los acuerdos que se han formado, como el Acuerdo de Par\u00eds sellado en el 2015\u201d.<\/p>\n\n\n\n<p><strong>Prensa Presidencial\/ Anais P\u00e9rez<\/strong><\/p>\n","protected":false},"excerpt":{"rendered":"<p>El Cairo, Egipto.-&nbsp;Venezuela respalda propuesta del G77+China que contempla la creaci\u00f3n de un fondo de p\u00e9rdidas y da\u00f1os clim\u00e1ticos, asever\u00f3 el presidente de la Rep\u00fablica Bolivariana de Venezuela, Nicol\u00e1s Maduro. En declaraciones a los medios de comunicaci\u00f3n venezolanos, a su llegada a Egipto, el Jefe de Estado indic\u00f3 que est\u00e1 de acuerdo con esta arquitectura [&hellip;]<\/p>\n","protected":false},"author":6,"featured_media":3933,"comment_status":"open","ping_status":"open","sticky":false,"template":"","format":"standard","meta":{"footnotes":""},"categories":[18,7],"tags":[72,73,30,66,19,20],"class_list":["post-3932","post","type-post","status-publish","format-standard","has-post-thumbnail","hentry","category-noticias-principales","category-notas-de-prensa","tag-cop27","tag-crisis-climatica","tag-destacado","tag-egipto","tag-nicolas-maduro","tag-venezuela"],"_links":{"self":[{"href":"https:\/\/prensapresidencialvenezuela.gob.ve\/index.php\/wp-json\/wp\/v2\/posts\/3932","targetHints":{"allow":["GET"]}}],"collection":[{"href":"https:\/\/prensapresidencialvenezuela.gob.ve\/index.php\/wp-json\/wp\/v2\/posts"}],"about":[{"href":"https:\/\/prensapresidencialvenezuela.gob.ve\/index.php\/wp-json\/wp\/v2\/types\/post"}],"author":[{"embeddable":true,"href":"https:\/\/prensapresidencialvenezuela.gob.ve\/index.php\/wp-json\/wp\/v2\/users\/6"}],"replies":[{"embeddable":true,"href":"https:\/\/prensapresidencialvenezuela.gob.ve\/index.php\/wp-json\/wp\/v2\/comments?post=3932"}],"version-history":[{"count":1,"href":"https:\/\/prensapresidencialvenezuela.gob.ve\/index.php\/wp-json\/wp\/v2\/posts\/3932\/revisions"}],"predecessor-version":[{"id":3934,"href":"https:\/\/prensapresidencialvenezuela.gob.ve\/index.php\/wp-json\/wp\/v2\/posts\/3932\/revisions\/3934"}],"wp:featuredmedia":[{"embeddable":true,"href":"https:\/\/prensapresidencialvenezuela.gob.ve\/index.php\/wp-json\/wp\/v2\/media\/3933"}],"wp:attachment":[{"href":"https:\/\/prensapresidencialvenezuela.gob.ve\/index.php\/wp-json\/wp\/v2\/media?parent=3932"}],"wp:term":[{"taxonomy":"category","embeddable":true,"href":"https:\/\/prensapresidencialvenezuela.gob.ve\/index.php\/wp-json\/wp\/v2\/categories?post=3932"},{"taxonomy":"post_tag","embeddable":true,"href":"https:\/\/prensapresidencialvenezuela.gob.ve\/index.php\/wp-json\/wp\/v2\/tags?post=3932"}],"curies":[{"name":"wp","href":"https:\/\/api.w.org\/{rel}","templated":true}]}}