{"id":39403,"date":"2026-01-28T18:35:55","date_gmt":"2026-01-28T22:35:55","guid":{"rendered":"https:\/\/prensapresidencialvenezuela.gob.ve\/?p=39403"},"modified":"2026-01-28T18:35:56","modified_gmt":"2026-01-28T22:35:56","slug":"fanb-y-organismos-de-seguridad-ciudadana-realizan-acto-de-lealtad-reconocimiento-y-juramento-ante-la-presidenta-e-delcy-rodriguez-gomez","status":"publish","type":"post","link":"https:\/\/prensapresidencialvenezuela.gob.ve\/index.php\/2026\/01\/28\/fanb-y-organismos-de-seguridad-ciudadana-realizan-acto-de-lealtad-reconocimiento-y-juramento-ante-la-presidenta-e-delcy-rodriguez-gomez\/","title":{"rendered":"FANB y Organismos de Seguridad Ciudadana realizan Acto de Lealtad, Reconocimiento y Juramento ante la Presidenta (E) Delcy Rodr\u00edguez G\u00f3mez"},"content":{"rendered":"\n<p><strong>Universidad Militar Bolivariana de Venezuela, Caracas.-<\/strong> En un acto cargado de simbolismo y patriotismo nacional, la Fuerza Armada Nacional Bolivariana (FANB) y los Organismos de Seguridad Ciudadana (OSC) realizan, este mi\u00e9rcoles, un Acto de Lealtad, Reconocimiento y Juramento a la presidenta encargada de la Rep\u00fablica Bolivariana de Venezuela, Delcy Rodr\u00edguez G\u00f3mez, como Comandante en Jefe.<\/p>\n\n\n\n<p>En las inmediaciones de la Universidad Militar Bolivariana de Venezuela (UMBV), el vicepresidente sectorial de Defensa y Soberan\u00eda y ministro del Poder Popular para la Defensa, GJ Vladimir Padrino L\u00f3pez, ser\u00e1 en encargado de la rendici\u00f3n de honores junto a los componentes castrenses.<\/p>\n\n\n\n<p>En sus anuncios previos al acto de reconocimiento, el GJ Padrino L\u00f3pez ratific\u00f3 el compromiso de la fuerza militar con la Presidenta Encargada no solo como la m\u00e1xima autoridad de la Revoluci\u00f3n Bolivariana, sino tambi\u00e9n como apoyo incondicional para transitar los senderos de la paz, la democracia y la reconciliaci\u00f3n nacional.<\/p>\n\n\n\n<p>En nombre de la FANB y de los OSC, el Ministro de la Defensa, nuevamente, expres\u00f3 su lealtad y respaldo a este reto que le ha tocado asumir a Rodr\u00edguez G\u00f3mez en un escenario in\u00e9dito en el pa\u00eds.<\/p>\n\n\n\n<p><strong>Prensa Presidencial\/ Claudia Guerra M\u00e9ndez<\/strong><\/p>\n","protected":false},"excerpt":{"rendered":"<p>Universidad Militar Bolivariana de Venezuela, Caracas.- En un acto cargado de simbolismo y patriotismo nacional, la Fuerza Armada Nacional Bolivariana (FANB) y los Organismos de Seguridad Ciudadana (OSC) realizan, este mi\u00e9rcoles, un Acto de Lealtad, Reconocimiento y Juramento a la presidenta encargada de la Rep\u00fablica Bolivariana de Venezuela, Delcy Rodr\u00edguez G\u00f3mez, como Comandante en Jefe. [&hellip;]<\/p>\n","protected":false},"author":18,"featured_media":39414,"comment_status":"open","ping_status":"open","sticky":false,"template":"","format":"standard","meta":{"footnotes":""},"categories":[18,7],"tags":[65,557,1891,20],"class_list":["post-39403","post","type-post","status-publish","format-standard","has-post-thumbnail","hentry","category-noticias-principales","category-notas-de-prensa","tag-fanb","tag-paz","tag-presidenta-encargada-delcy-rodriguez","tag-venezuela"],"_links":{"self":[{"href":"https:\/\/prensapresidencialvenezuela.gob.ve\/index.php\/wp-json\/wp\/v2\/posts\/39403","targetHints":{"allow":["GET"]}}],"collection":[{"href":"https:\/\/prensapresidencialvenezuela.gob.ve\/index.php\/wp-json\/wp\/v2\/posts"}],"about":[{"href":"https:\/\/prensapresidencialvenezuela.gob.ve\/index.php\/wp-json\/wp\/v2\/types\/post"}],"author":[{"embeddable":true,"href":"https:\/\/prensapresidencialvenezuela.gob.ve\/index.php\/wp-json\/wp\/v2\/users\/18"}],"replies":[{"embeddable":true,"href":"https:\/\/prensapresidencialvenezuela.gob.ve\/index.php\/wp-json\/wp\/v2\/comments?post=39403"}],"version-history":[{"count":1,"href":"https:\/\/prensapresidencialvenezuela.gob.ve\/index.php\/wp-json\/wp\/v2\/posts\/39403\/revisions"}],"predecessor-version":[{"id":39404,"href":"https:\/\/prensapresidencialvenezuela.gob.ve\/index.php\/wp-json\/wp\/v2\/posts\/39403\/revisions\/39404"}],"wp:featuredmedia":[{"embeddable":true,"href":"https:\/\/prensapresidencialvenezuela.gob.ve\/index.php\/wp-json\/wp\/v2\/media\/39414"}],"wp:attachment":[{"href":"https:\/\/prensapresidencialvenezuela.gob.ve\/index.php\/wp-json\/wp\/v2\/media?parent=39403"}],"wp:term":[{"taxonomy":"category","embeddable":true,"href":"https:\/\/prensapresidencialvenezuela.gob.ve\/index.php\/wp-json\/wp\/v2\/categories?post=39403"},{"taxonomy":"post_tag","embeddable":true,"href":"https:\/\/prensapresidencialvenezuela.gob.ve\/index.php\/wp-json\/wp\/v2\/tags?post=39403"}],"curies":[{"name":"wp","href":"https:\/\/api.w.org\/{rel}","templated":true}]}}