{"id":39418,"date":"2026-01-28T19:21:28","date_gmt":"2026-01-28T23:21:28","guid":{"rendered":"https:\/\/prensapresidencialvenezuela.gob.ve\/?p=39418"},"modified":"2026-01-28T20:23:34","modified_gmt":"2026-01-29T00:23:34","slug":"simbolicas-insignias-de-la-fanb-y-replica-de-la-espada-de-bolivar-recibio-la-presidenta-e-delcy-rodriguez-como-baston-de-mando","status":"publish","type":"post","link":"https:\/\/prensapresidencialvenezuela.gob.ve\/index.php\/2026\/01\/28\/simbolicas-insignias-de-la-fanb-y-replica-de-la-espada-de-bolivar-recibio-la-presidenta-e-delcy-rodriguez-como-baston-de-mando\/","title":{"rendered":"Bast\u00f3n de Mando, simb\u00f3licas insignias de la FANB y r\u00e9plica de la espada de Bol\u00edvar recibi\u00f3 la presidenta (e) Delcy Rodr\u00edguez"},"content":{"rendered":"\n<p><strong>Universidad Militar Bolivariana de Venezuela, Caracas.- <\/strong>La presidenta encargada de la Rep\u00fablica Bolivariana de Venezuela, Delcy Rodr\u00edguez G\u00f3mez, en el Patio de Honor de la Universidad Militar Bolivariana de Venezuela recibi\u00f3 de la Fuerza Armada Nacional Bolivariana (FANB) el Bast\u00f3n de Mando, las simb\u00f3licas insignias de la FANB, as\u00ed como la r\u00e9plica de la espada del Libertador Sim\u00f3n Bol\u00edvar.<\/p>\n\n\n\n<p>Durante este acto protocolar, Rodr\u00edguez G\u00f3mez expres\u00f3 que ante los enemigos de la Patria que pretenden condenar al pueblo venezolano a la penumbra, \u00abnosotros responderemos con la uni\u00f3n de nuestra Revoluci\u00f3n Bolivariana en lealtad absoluta\u00bb, dijo.<\/p>\n\n\n\n<p>En una coyuntura nacional que denomin\u00f3 \u00abextraordinaria y compleja\u00bb en los \u00faltimos dos siglos de la historia de Venezuela, manifest\u00f3 tener \u00abla fuerza del poder del pueblo venezolano, de ese pueblo que en la madrugada del 3 de enero de este a\u00f1o amaneci\u00f3 en medio de una terrible agresi\u00f3n militar externa\u00bb.<\/p>\n\n\n\n<figure class=\"wp-block-image size-large\"><img fetchpriority=\"high\" decoding=\"async\" width=\"683\" height=\"1024\" src=\"https:\/\/prensapresidencialvenezuela.gob.ve\/wp-content\/uploads\/2026\/01\/04MG__9134_P-683x1024.jpg\" alt=\"\" class=\"wp-image-39478\" srcset=\"https:\/\/prensapresidencialvenezuela.gob.ve\/wp-content\/uploads\/2026\/01\/04MG__9134_P-683x1024.jpg 683w, https:\/\/prensapresidencialvenezuela.gob.ve\/wp-content\/uploads\/2026\/01\/04MG__9134_P-200x300.jpg 200w, https:\/\/prensapresidencialvenezuela.gob.ve\/wp-content\/uploads\/2026\/01\/04MG__9134_P-768x1151.jpg 768w, https:\/\/prensapresidencialvenezuela.gob.ve\/wp-content\/uploads\/2026\/01\/04MG__9134_P-1025x1536.jpg 1025w, https:\/\/prensapresidencialvenezuela.gob.ve\/wp-content\/uploads\/2026\/01\/04MG__9134_P-1366x2048.jpg 1366w, https:\/\/prensapresidencialvenezuela.gob.ve\/wp-content\/uploads\/2026\/01\/04MG__9134_P-scaled.jpg 1708w\" sizes=\"(max-width: 683px) 100vw, 683px\" \/><\/figure>\n\n\n\n<p>Prosigui\u00f3 su discurso dando un mensaje muy especial a los soldados, a las soldadas y a los polic\u00edas de la Patria con una reflexi\u00f3n proveniente de las actuaciones del Libertador Sim\u00f3n Bol\u00edvar.<\/p>\n\n\n\n<p>\u00abNuestro padre Libertador Bol\u00edvar, el hombre de las dificultades, fue conocido no s\u00f3lo por sus gigantes e inmensas victorias, sino tambi\u00e9n por sus derrotas, por sus incontables derrotas e infortunios (&#8230;) Yo les pido a ustedes que ese mismo esp\u00edritu del Libertador, el m\u00e1s grande del universo, se apodere de ustedes para abrir los nuevos caminos que nos toca hoy para defender a la Patria\u00bb, fue la exhortaci\u00f3n de la Presidenta Encargada a los miembros de los componentes de la FANB.<\/p>\n\n\n\n<p><strong>Prensa Presidencial\/ Claudia Guerra M\u00e9ndez<\/strong><\/p>\n","protected":false},"excerpt":{"rendered":"<p>Universidad Militar Bolivariana de Venezuela, Caracas.- La presidenta encargada de la Rep\u00fablica Bolivariana de Venezuela, Delcy Rodr\u00edguez G\u00f3mez, en el Patio de Honor de la Universidad Militar Bolivariana de Venezuela recibi\u00f3 de la Fuerza Armada Nacional Bolivariana (FANB) el Bast\u00f3n de Mando, las simb\u00f3licas insignias de la FANB, as\u00ed como la r\u00e9plica de la espada [&hellip;]<\/p>\n","protected":false},"author":18,"featured_media":39439,"comment_status":"open","ping_status":"open","sticky":false,"template":"","format":"standard","meta":{"footnotes":""},"categories":[18,7],"tags":[1891,27,20],"class_list":["post-39418","post","type-post","status-publish","format-standard","has-post-thumbnail","hentry","category-noticias-principales","category-notas-de-prensa","tag-presidenta-encargada-delcy-rodriguez","tag-revolucion-bolivariana","tag-venezuela"],"_links":{"self":[{"href":"https:\/\/prensapresidencialvenezuela.gob.ve\/index.php\/wp-json\/wp\/v2\/posts\/39418","targetHints":{"allow":["GET"]}}],"collection":[{"href":"https:\/\/prensapresidencialvenezuela.gob.ve\/index.php\/wp-json\/wp\/v2\/posts"}],"about":[{"href":"https:\/\/prensapresidencialvenezuela.gob.ve\/index.php\/wp-json\/wp\/v2\/types\/post"}],"author":[{"embeddable":true,"href":"https:\/\/prensapresidencialvenezuela.gob.ve\/index.php\/wp-json\/wp\/v2\/users\/18"}],"replies":[{"embeddable":true,"href":"https:\/\/prensapresidencialvenezuela.gob.ve\/index.php\/wp-json\/wp\/v2\/comments?post=39418"}],"version-history":[{"count":5,"href":"https:\/\/prensapresidencialvenezuela.gob.ve\/index.php\/wp-json\/wp\/v2\/posts\/39418\/revisions"}],"predecessor-version":[{"id":39481,"href":"https:\/\/prensapresidencialvenezuela.gob.ve\/index.php\/wp-json\/wp\/v2\/posts\/39418\/revisions\/39481"}],"wp:featuredmedia":[{"embeddable":true,"href":"https:\/\/prensapresidencialvenezuela.gob.ve\/index.php\/wp-json\/wp\/v2\/media\/39439"}],"wp:attachment":[{"href":"https:\/\/prensapresidencialvenezuela.gob.ve\/index.php\/wp-json\/wp\/v2\/media?parent=39418"}],"wp:term":[{"taxonomy":"category","embeddable":true,"href":"https:\/\/prensapresidencialvenezuela.gob.ve\/index.php\/wp-json\/wp\/v2\/categories?post=39418"},{"taxonomy":"post_tag","embeddable":true,"href":"https:\/\/prensapresidencialvenezuela.gob.ve\/index.php\/wp-json\/wp\/v2\/tags?post=39418"}],"curies":[{"name":"wp","href":"https:\/\/api.w.org\/{rel}","templated":true}]}}