{"id":39430,"date":"2026-01-28T19:20:10","date_gmt":"2026-01-28T23:20:10","guid":{"rendered":"https:\/\/prensapresidencialvenezuela.gob.ve\/?p=39430"},"modified":"2026-01-28T19:20:11","modified_gmt":"2026-01-28T23:20:11","slug":"ministro-de-defensa-padrino-lopez-este-reconocimiento-institucional-garantiza-la-seguridad-juridica-y-politica-de-la-nacion","status":"publish","type":"post","link":"https:\/\/prensapresidencialvenezuela.gob.ve\/index.php\/2026\/01\/28\/ministro-de-defensa-padrino-lopez-este-reconocimiento-institucional-garantiza-la-seguridad-juridica-y-politica-de-la-nacion\/","title":{"rendered":"Ministro de Defensa Padrino L\u00f3pez: Este reconocimiento institucional garantiza la seguridad jur\u00eddica y pol\u00edtica de la Naci\u00f3n"},"content":{"rendered":"\n<p>Universidad Militar Bolivariana de Venezuela, Caracas.- Cumplimiento con el dictamen emanado del Tribunal Supremo de Justicia (TSJ), el Estado Mayor Superior de la Fuerza Armada Nacional Bolivariana oficializ\u00f3 el reconocimiento de la doctora Delcy Elo\u00edna Rodr\u00edguez G\u00f3mez como Presidenta Encargada de la Rep\u00fablica Bolivariana de Venezuela. La medida busca preservar la gobernabilidad, la estabilidad y la paz ciudadana ante la ausencia forzada del mandatario nacional, asegurando que no existan vac\u00edos de Poder en la conducci\u00f3n del pa\u00eds. <\/p>\n\n\n\n<p>El General en Jefe Vladimir Padrino L\u00f3pez destac\u00f3 que acto se realiza bajo el estricto apego al hilo constitucional y la normativa vigente. Al asumir la Presidencia de la Rep\u00fablica, Rodr\u00edguez G\u00f3mez adquiere autom\u00e1ticamente todas las atribuciones y facultades inherentes al cargo, permitiendo que la administraci\u00f3n p\u00fablica y los planes de desarrollo nacional contin\u00faen su marcha sin interrupciones. <\/p>\n\n\n\n<p>Este reconocimiento institucional garantiza la seguridad jur\u00eddica y pol\u00edtica de la naci\u00f3n frente a las amenazas que intentan desestabilizar el orden interno. La FANB ratific\u00f3 que su actuaci\u00f3n responde al mandato de la Carta Magna, que establece la continuidad del Ejecutivo Nacional para salvaguardar la tranquilidad de todos los hogares venezolanos en momentos de excepcionalidad.<\/p>\n\n\n\n<p><strong>Prensa Presidencial \/ Kaylib Maita<\/strong><\/p>\n","protected":false},"excerpt":{"rendered":"<p>Universidad Militar Bolivariana de Venezuela, Caracas.- Cumplimiento con el dictamen emanado del Tribunal Supremo de Justicia (TSJ), el Estado Mayor Superior de la Fuerza Armada Nacional Bolivariana oficializ\u00f3 el reconocimiento de la doctora Delcy Elo\u00edna Rodr\u00edguez G\u00f3mez como Presidenta Encargada de la Rep\u00fablica Bolivariana de Venezuela. La medida busca preservar la gobernabilidad, la estabilidad y [&hellip;]<\/p>\n","protected":false},"author":17,"featured_media":39438,"comment_status":"open","ping_status":"open","sticky":false,"template":"","format":"standard","meta":{"footnotes":""},"categories":[18,7],"tags":[],"class_list":["post-39430","post","type-post","status-publish","format-standard","has-post-thumbnail","hentry","category-noticias-principales","category-notas-de-prensa"],"_links":{"self":[{"href":"https:\/\/prensapresidencialvenezuela.gob.ve\/index.php\/wp-json\/wp\/v2\/posts\/39430","targetHints":{"allow":["GET"]}}],"collection":[{"href":"https:\/\/prensapresidencialvenezuela.gob.ve\/index.php\/wp-json\/wp\/v2\/posts"}],"about":[{"href":"https:\/\/prensapresidencialvenezuela.gob.ve\/index.php\/wp-json\/wp\/v2\/types\/post"}],"author":[{"embeddable":true,"href":"https:\/\/prensapresidencialvenezuela.gob.ve\/index.php\/wp-json\/wp\/v2\/users\/17"}],"replies":[{"embeddable":true,"href":"https:\/\/prensapresidencialvenezuela.gob.ve\/index.php\/wp-json\/wp\/v2\/comments?post=39430"}],"version-history":[{"count":1,"href":"https:\/\/prensapresidencialvenezuela.gob.ve\/index.php\/wp-json\/wp\/v2\/posts\/39430\/revisions"}],"predecessor-version":[{"id":39441,"href":"https:\/\/prensapresidencialvenezuela.gob.ve\/index.php\/wp-json\/wp\/v2\/posts\/39430\/revisions\/39441"}],"wp:featuredmedia":[{"embeddable":true,"href":"https:\/\/prensapresidencialvenezuela.gob.ve\/index.php\/wp-json\/wp\/v2\/media\/39438"}],"wp:attachment":[{"href":"https:\/\/prensapresidencialvenezuela.gob.ve\/index.php\/wp-json\/wp\/v2\/media?parent=39430"}],"wp:term":[{"taxonomy":"category","embeddable":true,"href":"https:\/\/prensapresidencialvenezuela.gob.ve\/index.php\/wp-json\/wp\/v2\/categories?post=39430"},{"taxonomy":"post_tag","embeddable":true,"href":"https:\/\/prensapresidencialvenezuela.gob.ve\/index.php\/wp-json\/wp\/v2\/tags?post=39430"}],"curies":[{"name":"wp","href":"https:\/\/api.w.org\/{rel}","templated":true}]}}