{"id":39433,"date":"2026-01-28T19:13:55","date_gmt":"2026-01-28T23:13:55","guid":{"rendered":"https:\/\/prensapresidencialvenezuela.gob.ve\/?p=39433"},"modified":"2026-01-28T19:13:56","modified_gmt":"2026-01-28T23:13:56","slug":"organismos-de-seguridad-ciudadana-reconocen-a-delcy-rodriguez-como-comandante-en-jefe-y-reafirman-su-lealtad","status":"publish","type":"post","link":"https:\/\/prensapresidencialvenezuela.gob.ve\/index.php\/2026\/01\/28\/organismos-de-seguridad-ciudadana-reconocen-a-delcy-rodriguez-como-comandante-en-jefe-y-reafirman-su-lealtad\/","title":{"rendered":"Organismos de seguridad ciudadana reconocen a Delcy Rodr\u00edguez como Comandante en Jefe y reafirman su lealtad"},"content":{"rendered":"\n<p>Caracas, Venezuela.- Desde el patio de la Universidad Militar Bolivariana de Venezuela (UMBV), durante el acto de lealtad, reconocimiento y juramento a la presidenta encargada de la Rep\u00fablica, Delcy Rodr\u00edguez, el vicepresidente sectorial de Pol\u00edtica, Seguridad Ciudadana y Paz, Diosdado Cabello, comunic\u00f3 la lealtad de los organismos de seguridad ciudadana a su investidura como mandataria y reafirm\u00f3 que estas instituciones se subordinan ante ella como Comandante en Jefe.<\/p>\n\n\n\n<p>El tambi\u00e9n ministro del Poder Popular para Relaciones Interiores, Justicia y Paz ley\u00f3 un manifiesto suscrito por los entes de seguridad, en el cual expres\u00f3 que la lealtad, el compromiso y la cohesi\u00f3n de las fuerzas policiales y de orden p\u00fablico se mantienen firmes en su tarea de defensa de la Patria.<\/p>\n\n\n\n<p>Durante su pronunciamiento, record\u00f3 una de las frases del Discurso de Angostura del Libertador Sim\u00f3n Bol\u00edvar: \u201cLa unidad de la Patria es el \u00fanico camino a la paz; unidad, unidad, unidad debe ser nuestra divisa\u201d. Con ello, ratific\u00f3 la convicci\u00f3n patri\u00f3tica ante la agresi\u00f3n sufrida por el pueblo venezolano, as\u00ed como el compromiso de mantener vigente el legado del Comandante Eterno, Hugo Ch\u00e1vez.<\/p>\n\n\n\n<p>\u201cNo permitiremos que ninguna circunstancia o amenaza, por dif\u00edcil que sea, pueda ser aprovechada para sembrar el caos en nuestra tierra\u201d, sostuvo Cabello, quien precis\u00f3 que, para las fuerzas de seguridad ciudadana, defender la continuidad del Gobierno y la integridad del pueblo \u2014en perfecta fusi\u00f3n popular, militar y policial\u2014 es, adem\u00e1s, un mandato constitucional.<\/p>\n\n\n\n<p><strong>Prensa Presidencial \/ Iliana Rosales<\/strong><\/p>\n","protected":false},"excerpt":{"rendered":"<p>Caracas, Venezuela.- Desde el patio de la Universidad Militar Bolivariana de Venezuela (UMBV), durante el acto de lealtad, reconocimiento y juramento a la presidenta encargada de la Rep\u00fablica, Delcy Rodr\u00edguez, el vicepresidente sectorial de Pol\u00edtica, Seguridad Ciudadana y Paz, Diosdado Cabello, comunic\u00f3 la lealtad de los organismos de seguridad ciudadana a su investidura como mandataria [&hellip;]<\/p>\n","protected":false},"author":19,"featured_media":39434,"comment_status":"open","ping_status":"open","sticky":false,"template":"","format":"standard","meta":{"footnotes":""},"categories":[18,7],"tags":[122,19,20],"class_list":["post-39433","post","type-post","status-publish","format-standard","has-post-thumbnail","hentry","category-noticias-principales","category-notas-de-prensa","tag-delcy-rodriguez","tag-nicolas-maduro","tag-venezuela"],"_links":{"self":[{"href":"https:\/\/prensapresidencialvenezuela.gob.ve\/index.php\/wp-json\/wp\/v2\/posts\/39433","targetHints":{"allow":["GET"]}}],"collection":[{"href":"https:\/\/prensapresidencialvenezuela.gob.ve\/index.php\/wp-json\/wp\/v2\/posts"}],"about":[{"href":"https:\/\/prensapresidencialvenezuela.gob.ve\/index.php\/wp-json\/wp\/v2\/types\/post"}],"author":[{"embeddable":true,"href":"https:\/\/prensapresidencialvenezuela.gob.ve\/index.php\/wp-json\/wp\/v2\/users\/19"}],"replies":[{"embeddable":true,"href":"https:\/\/prensapresidencialvenezuela.gob.ve\/index.php\/wp-json\/wp\/v2\/comments?post=39433"}],"version-history":[{"count":1,"href":"https:\/\/prensapresidencialvenezuela.gob.ve\/index.php\/wp-json\/wp\/v2\/posts\/39433\/revisions"}],"predecessor-version":[{"id":39435,"href":"https:\/\/prensapresidencialvenezuela.gob.ve\/index.php\/wp-json\/wp\/v2\/posts\/39433\/revisions\/39435"}],"wp:featuredmedia":[{"embeddable":true,"href":"https:\/\/prensapresidencialvenezuela.gob.ve\/index.php\/wp-json\/wp\/v2\/media\/39434"}],"wp:attachment":[{"href":"https:\/\/prensapresidencialvenezuela.gob.ve\/index.php\/wp-json\/wp\/v2\/media?parent=39433"}],"wp:term":[{"taxonomy":"category","embeddable":true,"href":"https:\/\/prensapresidencialvenezuela.gob.ve\/index.php\/wp-json\/wp\/v2\/categories?post=39433"},{"taxonomy":"post_tag","embeddable":true,"href":"https:\/\/prensapresidencialvenezuela.gob.ve\/index.php\/wp-json\/wp\/v2\/tags?post=39433"}],"curies":[{"name":"wp","href":"https:\/\/api.w.org\/{rel}","templated":true}]}}