{"id":39446,"date":"2026-01-28T19:26:21","date_gmt":"2026-01-28T23:26:21","guid":{"rendered":"https:\/\/prensapresidencialvenezuela.gob.ve\/?p=39446"},"modified":"2026-01-28T19:26:21","modified_gmt":"2026-01-28T23:26:21","slug":"creada-la-oficina-nacional-para-la-defensa-y-la-seguridad-cibernetica-de-venezuela","status":"publish","type":"post","link":"https:\/\/prensapresidencialvenezuela.gob.ve\/index.php\/2026\/01\/28\/creada-la-oficina-nacional-para-la-defensa-y-la-seguridad-cibernetica-de-venezuela\/","title":{"rendered":"Creada la Oficina Nacional para la Defensa y la Seguridad Cibern\u00e9tica de Venezuela"},"content":{"rendered":"\n<p><strong>Universidad Militar Bolivariana de Venezuela, Caracas.- <\/strong>La presidenta encargada de la Rep\u00fablica Bolivariana de Venezuela, Delcy Rodr\u00edguez G\u00f3mez, anunci\u00f3 este mi\u00e9rcoles la creaci\u00f3n de Oficina Nacional para la Defensa y la Seguridad Cibern\u00e9tica de Venezuela para defender el espacio cibern\u00e9tico del pa\u00eds.<\/p>\n\n\n\n<p>Ante la \u00abdesigual batalla de una superioridad tecnol\u00f3gica desconocida y de un armamento tambi\u00e9n desconocido como ya ha sido reconocido, p\u00fablicamente, por las autoridades estadounidenses\u00bb, la Presidenta Encargada indic\u00f3 que hay que aprender de la experiencia del pasado 3 de enero.<\/p>\n\n\n\n<p>Esta Oficina Nacional que estar\u00e1 adscrita al Consejo de Vicepresidentes, ser\u00e1 coordinada por la vicepresidenta sectorial para Ciencia, Tecnolog\u00eda, Ecosocialismo y Salud, y ministra del Poder Popular para la Ciencia y Tecnolog\u00eda, Gabriela Jim\u00e9nez.<\/p>\n\n\n\n<figure class=\"wp-block-image size-large\"><img fetchpriority=\"high\" decoding=\"async\" width=\"1024\" height=\"683\" src=\"https:\/\/prensapresidencialvenezuela.gob.ve\/wp-content\/uploads\/2026\/01\/39MG_L8552_P-1024x683.jpg\" alt=\"\" class=\"wp-image-39448\" srcset=\"https:\/\/prensapresidencialvenezuela.gob.ve\/wp-content\/uploads\/2026\/01\/39MG_L8552_P-1024x683.jpg 1024w, https:\/\/prensapresidencialvenezuela.gob.ve\/wp-content\/uploads\/2026\/01\/39MG_L8552_P-300x200.jpg 300w, https:\/\/prensapresidencialvenezuela.gob.ve\/wp-content\/uploads\/2026\/01\/39MG_L8552_P-768x512.jpg 768w, https:\/\/prensapresidencialvenezuela.gob.ve\/wp-content\/uploads\/2026\/01\/39MG_L8552_P-1536x1024.jpg 1536w, https:\/\/prensapresidencialvenezuela.gob.ve\/wp-content\/uploads\/2026\/01\/39MG_L8552_P-2048x1365.jpg 2048w\" sizes=\"(max-width: 1024px) 100vw, 1024px\" \/><\/figure>\n\n\n\n<p>\u00abPido a los cient\u00edficos, a los expertos en tecnolog\u00eda de Venezuela, junto al Consejo Cient\u00edfico Militar, que estas grandes capacidades en el \u00e1mbito de la defensa de la ciencia y la tecnolog\u00eda, se unan para defender nuestro espacio cibern\u00e9tico\u00bb, manifest\u00f3 la presidenta (e) Delcy Rodr\u00edguez G\u00f3mez durante el Acto de Lealtad, Reconocimiento y Juramento que le hiciera la Fuerza Armada Nacional Bolivariana (FANB) y los Organismos de Seguridad Ciudadana (OSC) en el Patio de Honor de la Universidad Militar Bolivariana de Venezuela.<\/p>\n\n\n\n<p>\u00abPido a los cient\u00edficos, a los expertos en tecnolog\u00eda de Venezuela, junto al Consejo Cient\u00edfico Militar, que estas grandes capacidades en el \u00e1mbito de la defensa de la ciencia y la tecnolog\u00eda, se unan para defender nuestro espacio cibern\u00e9tico\u00bb, manifest\u00f3 la presidenta (e) Delcy Rodr\u00edguez G\u00f3mez durante el Acto de Lealtad, Reconocimiento y Juramento que le hiciera la Fuerza Armada Nacional Bolivariana (FANB) y los Organismos de Seguridad Ciudadana (OSC) en el Patio de Honor de la Universidad Militar Bolivariana de Venezuela.<\/p>\n\n\n\n<p><strong>Prensa Presidencial\/ Claudia Guerra M\u00e9ndez<\/strong><\/p>\n","protected":false},"excerpt":{"rendered":"<p>Universidad Militar Bolivariana de Venezuela, Caracas.- La presidenta encargada de la Rep\u00fablica Bolivariana de Venezuela, Delcy Rodr\u00edguez G\u00f3mez, anunci\u00f3 este mi\u00e9rcoles la creaci\u00f3n de Oficina Nacional para la Defensa y la Seguridad Cibern\u00e9tica de Venezuela para defender el espacio cibern\u00e9tico del pa\u00eds. Ante la \u00abdesigual batalla de una superioridad tecnol\u00f3gica desconocida y de un armamento [&hellip;]<\/p>\n","protected":false},"author":18,"featured_media":39447,"comment_status":"open","ping_status":"open","sticky":false,"template":"","format":"standard","meta":{"footnotes":""},"categories":[18,7],"tags":[65,1891,27,20],"class_list":["post-39446","post","type-post","status-publish","format-standard","has-post-thumbnail","hentry","category-noticias-principales","category-notas-de-prensa","tag-fanb","tag-presidenta-encargada-delcy-rodriguez","tag-revolucion-bolivariana","tag-venezuela"],"_links":{"self":[{"href":"https:\/\/prensapresidencialvenezuela.gob.ve\/index.php\/wp-json\/wp\/v2\/posts\/39446","targetHints":{"allow":["GET"]}}],"collection":[{"href":"https:\/\/prensapresidencialvenezuela.gob.ve\/index.php\/wp-json\/wp\/v2\/posts"}],"about":[{"href":"https:\/\/prensapresidencialvenezuela.gob.ve\/index.php\/wp-json\/wp\/v2\/types\/post"}],"author":[{"embeddable":true,"href":"https:\/\/prensapresidencialvenezuela.gob.ve\/index.php\/wp-json\/wp\/v2\/users\/18"}],"replies":[{"embeddable":true,"href":"https:\/\/prensapresidencialvenezuela.gob.ve\/index.php\/wp-json\/wp\/v2\/comments?post=39446"}],"version-history":[{"count":1,"href":"https:\/\/prensapresidencialvenezuela.gob.ve\/index.php\/wp-json\/wp\/v2\/posts\/39446\/revisions"}],"predecessor-version":[{"id":39449,"href":"https:\/\/prensapresidencialvenezuela.gob.ve\/index.php\/wp-json\/wp\/v2\/posts\/39446\/revisions\/39449"}],"wp:featuredmedia":[{"embeddable":true,"href":"https:\/\/prensapresidencialvenezuela.gob.ve\/index.php\/wp-json\/wp\/v2\/media\/39447"}],"wp:attachment":[{"href":"https:\/\/prensapresidencialvenezuela.gob.ve\/index.php\/wp-json\/wp\/v2\/media?parent=39446"}],"wp:term":[{"taxonomy":"category","embeddable":true,"href":"https:\/\/prensapresidencialvenezuela.gob.ve\/index.php\/wp-json\/wp\/v2\/categories?post=39446"},{"taxonomy":"post_tag","embeddable":true,"href":"https:\/\/prensapresidencialvenezuela.gob.ve\/index.php\/wp-json\/wp\/v2\/tags?post=39446"}],"curies":[{"name":"wp","href":"https:\/\/api.w.org\/{rel}","templated":true}]}}