{"id":39453,"date":"2026-01-28T19:30:46","date_gmt":"2026-01-28T23:30:46","guid":{"rendered":"https:\/\/prensapresidencialvenezuela.gob.ve\/?p=39453"},"modified":"2026-01-28T19:30:47","modified_gmt":"2026-01-28T23:30:47","slug":"delcy-rodriguez-organismos-de-seguridad-han-sido-campeones-para-desarticular-el-extremismo-y-el-fascismo-en-venezuela","status":"publish","type":"post","link":"https:\/\/prensapresidencialvenezuela.gob.ve\/index.php\/2026\/01\/28\/delcy-rodriguez-organismos-de-seguridad-han-sido-campeones-para-desarticular-el-extremismo-y-el-fascismo-en-venezuela\/","title":{"rendered":"Delcy Rodr\u00edguez: Organismos de seguridad han sido campeones para desarticular el extremismo y el fascismo en Venezuela"},"content":{"rendered":"\n<p>Caracas, Venezuela.- \u201cSi algo ha sido nuestra Fuerza Armada Nacional Bolivariana (FANB) es una campeona. Nuestros organismos de seguridad ciudadana han sido campeones para desarticular el extremismo y el fascismo en Venezuela, para derrotar golpes de Estado, sabotajes y atentados contra el orden constitucional\u201d, expres\u00f3 este mi\u00e9rcoles la presidenta encargada, Delcy Rodr\u00edguez, desde el Patio de la Universidad Militar Bolivariana de Venezuela (UMBV), durante el acto de lealtad, reconocimiento y juramento a su investidura.<\/p>\n\n\n\n<p>En reconocimiento al papel hist\u00f3rico que ha desempe\u00f1ado la FANB antes, durante y despu\u00e9s de la agresi\u00f3n militar ocurrida el 3 de enero, Rodr\u00edguez manifest\u00f3 su agradecimiento por su actuaci\u00f3n y desempe\u00f1o. Asegur\u00f3 que hoy representan una fuerza arrolladora para alcanzar la libertad del presidente constitucional, Nicol\u00e1s Maduro, y la primera dama, Cilia Flores.<\/p>\n\n\n\n<p>\u201cYo s\u00e9 que el 3 de enero marca, sin duda, una fecha en nuestra historia. Deja extraordinarias ense\u00f1anzas; si algo debo reconocer es la responsabilidad en la defensa de la paz y la tranquilidad que los hombres y mujeres de armas demostraron ese d\u00eda\u201d, indic\u00f3 la mandataria encargada.<\/p>\n\n\n\n<p>Finalmente, cuestion\u00f3 que el fascismo tuviera que \u201cbuscar a una potencia nuclear para pretender torcer la soberan\u00eda del pueblo venezolano\u201d y asegur\u00f3 que, ante ello, prevaleci\u00f3 el hero\u00edsmo de la FANB. No obstante, precis\u00f3 que sigue siendo vital la b\u00fasqueda constante de la paz y su preservaci\u00f3n.<\/p>\n\n\n\n<p><strong>Prensa Presidencial \/ Iliana Rosales<\/strong><\/p>\n","protected":false},"excerpt":{"rendered":"<p>Caracas, Venezuela.- \u201cSi algo ha sido nuestra Fuerza Armada Nacional Bolivariana (FANB) es una campeona. Nuestros organismos de seguridad ciudadana han sido campeones para desarticular el extremismo y el fascismo en Venezuela, para derrotar golpes de Estado, sabotajes y atentados contra el orden constitucional\u201d, expres\u00f3 este mi\u00e9rcoles la presidenta encargada, Delcy Rodr\u00edguez, desde el Patio [&hellip;]<\/p>\n","protected":false},"author":19,"featured_media":39454,"comment_status":"open","ping_status":"open","sticky":false,"template":"","format":"standard","meta":{"footnotes":""},"categories":[18,7],"tags":[122,19,20],"class_list":["post-39453","post","type-post","status-publish","format-standard","has-post-thumbnail","hentry","category-noticias-principales","category-notas-de-prensa","tag-delcy-rodriguez","tag-nicolas-maduro","tag-venezuela"],"_links":{"self":[{"href":"https:\/\/prensapresidencialvenezuela.gob.ve\/index.php\/wp-json\/wp\/v2\/posts\/39453","targetHints":{"allow":["GET"]}}],"collection":[{"href":"https:\/\/prensapresidencialvenezuela.gob.ve\/index.php\/wp-json\/wp\/v2\/posts"}],"about":[{"href":"https:\/\/prensapresidencialvenezuela.gob.ve\/index.php\/wp-json\/wp\/v2\/types\/post"}],"author":[{"embeddable":true,"href":"https:\/\/prensapresidencialvenezuela.gob.ve\/index.php\/wp-json\/wp\/v2\/users\/19"}],"replies":[{"embeddable":true,"href":"https:\/\/prensapresidencialvenezuela.gob.ve\/index.php\/wp-json\/wp\/v2\/comments?post=39453"}],"version-history":[{"count":1,"href":"https:\/\/prensapresidencialvenezuela.gob.ve\/index.php\/wp-json\/wp\/v2\/posts\/39453\/revisions"}],"predecessor-version":[{"id":39455,"href":"https:\/\/prensapresidencialvenezuela.gob.ve\/index.php\/wp-json\/wp\/v2\/posts\/39453\/revisions\/39455"}],"wp:featuredmedia":[{"embeddable":true,"href":"https:\/\/prensapresidencialvenezuela.gob.ve\/index.php\/wp-json\/wp\/v2\/media\/39454"}],"wp:attachment":[{"href":"https:\/\/prensapresidencialvenezuela.gob.ve\/index.php\/wp-json\/wp\/v2\/media?parent=39453"}],"wp:term":[{"taxonomy":"category","embeddable":true,"href":"https:\/\/prensapresidencialvenezuela.gob.ve\/index.php\/wp-json\/wp\/v2\/categories?post=39453"},{"taxonomy":"post_tag","embeddable":true,"href":"https:\/\/prensapresidencialvenezuela.gob.ve\/index.php\/wp-json\/wp\/v2\/tags?post=39453"}],"curies":[{"name":"wp","href":"https:\/\/api.w.org\/{rel}","templated":true}]}}