{"id":39458,"date":"2026-01-28T19:33:50","date_gmt":"2026-01-28T23:33:50","guid":{"rendered":"https:\/\/prensapresidencialvenezuela.gob.ve\/?p=39458"},"modified":"2026-01-28T19:33:51","modified_gmt":"2026-01-28T23:33:51","slug":"en-100-dias-debe-anunciarse-nuevo-sistema-defensivo-para-venezuela","status":"publish","type":"post","link":"https:\/\/prensapresidencialvenezuela.gob.ve\/index.php\/2026\/01\/28\/en-100-dias-debe-anunciarse-nuevo-sistema-defensivo-para-venezuela\/","title":{"rendered":"En 100 d\u00edas debe anunciarse nuevo Sistema Defensivo para Venezuela"},"content":{"rendered":"\n<p><strong>Caracas, Venezuela.- <\/strong>La presidenta encargada de la Rep\u00fablica Bolivariana de Venezuela, Delcy Rodr\u00edguez, solicit\u00f3 este mi\u00e9rcoles a todos los organismos de seguridad que, en un m\u00e1ximo de 100 d\u00edas, se tengan los lineamientos del nuevo sistema defensivo de la Naci\u00f3n.<\/p>\n\n\n\n<p>\u201cYo les pido a todos los organismos en la materia m\u00e1xima cooperaci\u00f3n, m\u00e1ximo desempe\u00f1o para, en un lapso de 100 d\u00edas, tener los lineamientos muy claros del nuevo Sistema Defensivo para Venezuela en perfecta uni\u00f3n c\u00edvico-militar-policial\u201d, dijo durante el acto de lealtad, reconocimiento y juramento a su investidura, efectuado en el patio de la Universidad Militar Bolivariana de Venezuela (UMBV).<\/p>\n\n\n\n<p>A prop\u00f3sito de ello, comunic\u00f3 que, a trav\u00e9s del Programa de Convivencia Democr\u00e1tica y la Paz, se ha abierto en el pa\u00eds un espacio para el di\u00e1logo pol\u00edtico, por lo que manifest\u00f3 que desde el Ejecutivo Nacional hay disposici\u00f3n para el entendimiento.<\/p>\n\n\n\n<p>\u201cY le tengo un mensaje muy claro al extremismo de Venezuela y a sus conexiones internacionales (\u2026). Que vengan todos los que amen a Venezuela de verdad; pero los que pretendan perpetuar el da\u00f1o y la agresi\u00f3n contra el pueblo de Venezuela, que se queden en Washington, porque aqu\u00ed no van a entrar a da\u00f1ar la paz y la tranquilidad de la Rep\u00fablica. Habr\u00e1 ley y habr\u00e1 justicia\u201d, fustig\u00f3.<\/p>\n\n\n\n<p>Finaliz\u00f3 su llamado a la uni\u00f3n y el di\u00e1logo, destacando que Venezuela es mucho m\u00e1s grande que las posibles diferencias existentes en el pueblo. \u201cVenezuela hoy necesita confiar de verdad en la pol\u00edtica. Pero una pol\u00edtica, como yo he dicho, con P may\u00fascula y con V de Venezuela; es una pol\u00edtica y es un di\u00e1logo entre venezolanos y entre venezolanas, sin ning\u00fan tipo de injerencia externa\u201d, concluy\u00f3.<\/p>\n\n\n\n<p><strong>Prensa Presidencial \/ Iliana Rosales<\/strong><\/p>\n","protected":false},"excerpt":{"rendered":"<p>Caracas, Venezuela.- La presidenta encargada de la Rep\u00fablica Bolivariana de Venezuela, Delcy Rodr\u00edguez, solicit\u00f3 este mi\u00e9rcoles a todos los organismos de seguridad que, en un m\u00e1ximo de 100 d\u00edas, se tengan los lineamientos del nuevo sistema defensivo de la Naci\u00f3n. \u201cYo les pido a todos los organismos en la materia m\u00e1xima cooperaci\u00f3n, m\u00e1ximo desempe\u00f1o para, [&hellip;]<\/p>\n","protected":false},"author":19,"featured_media":39460,"comment_status":"open","ping_status":"open","sticky":false,"template":"","format":"standard","meta":{"footnotes":""},"categories":[18,7],"tags":[122,19,20],"class_list":["post-39458","post","type-post","status-publish","format-standard","has-post-thumbnail","hentry","category-noticias-principales","category-notas-de-prensa","tag-delcy-rodriguez","tag-nicolas-maduro","tag-venezuela"],"_links":{"self":[{"href":"https:\/\/prensapresidencialvenezuela.gob.ve\/index.php\/wp-json\/wp\/v2\/posts\/39458","targetHints":{"allow":["GET"]}}],"collection":[{"href":"https:\/\/prensapresidencialvenezuela.gob.ve\/index.php\/wp-json\/wp\/v2\/posts"}],"about":[{"href":"https:\/\/prensapresidencialvenezuela.gob.ve\/index.php\/wp-json\/wp\/v2\/types\/post"}],"author":[{"embeddable":true,"href":"https:\/\/prensapresidencialvenezuela.gob.ve\/index.php\/wp-json\/wp\/v2\/users\/19"}],"replies":[{"embeddable":true,"href":"https:\/\/prensapresidencialvenezuela.gob.ve\/index.php\/wp-json\/wp\/v2\/comments?post=39458"}],"version-history":[{"count":1,"href":"https:\/\/prensapresidencialvenezuela.gob.ve\/index.php\/wp-json\/wp\/v2\/posts\/39458\/revisions"}],"predecessor-version":[{"id":39461,"href":"https:\/\/prensapresidencialvenezuela.gob.ve\/index.php\/wp-json\/wp\/v2\/posts\/39458\/revisions\/39461"}],"wp:featuredmedia":[{"embeddable":true,"href":"https:\/\/prensapresidencialvenezuela.gob.ve\/index.php\/wp-json\/wp\/v2\/media\/39460"}],"wp:attachment":[{"href":"https:\/\/prensapresidencialvenezuela.gob.ve\/index.php\/wp-json\/wp\/v2\/media?parent=39458"}],"wp:term":[{"taxonomy":"category","embeddable":true,"href":"https:\/\/prensapresidencialvenezuela.gob.ve\/index.php\/wp-json\/wp\/v2\/categories?post=39458"},{"taxonomy":"post_tag","embeddable":true,"href":"https:\/\/prensapresidencialvenezuela.gob.ve\/index.php\/wp-json\/wp\/v2\/tags?post=39458"}],"curies":[{"name":"wp","href":"https:\/\/api.w.org\/{rel}","templated":true}]}}