{"id":39459,"date":"2026-01-28T19:40:37","date_gmt":"2026-01-28T23:40:37","guid":{"rendered":"https:\/\/prensapresidencialvenezuela.gob.ve\/?p=39459"},"modified":"2026-01-28T19:40:37","modified_gmt":"2026-01-28T23:40:37","slug":"presidenta-e-delcy-rodriguez-relanza-misiones-sociales-para-blindar-la-proteccion-de-la-familia-militar-y-policial","status":"publish","type":"post","link":"https:\/\/prensapresidencialvenezuela.gob.ve\/index.php\/2026\/01\/28\/presidenta-e-delcy-rodriguez-relanza-misiones-sociales-para-blindar-la-proteccion-de-la-familia-militar-y-policial\/","title":{"rendered":"Presidenta (E) Delcy Rodr\u00edguez relanza misiones sociales para blindar la protecci\u00f3n de la familia militar y policial"},"content":{"rendered":"\n<p>Universidad Militar Bolivariana, Caracas. \u2014 Con el firme prop\u00f3sito de profundizar la justicia social en las filas castrenses y policiales, la presidenta encargada, Delcy Rodr\u00edguez, anunci\u00f3 el relanzamiento de la Gran Misi\u00f3n Negro Primero y la Misi\u00f3n Guardianes de la Patria. Estos programas estrat\u00e9gicos buscan \u00absanar las heridas\u00bb causadas por la guerra econ\u00f3mica, priorizando la atenci\u00f3n directa en \u00e1reas cr\u00edticas como salud, vivienda y seguridad social para quienes custodian la soberan\u00eda nacional.<\/p>\n\n\n\n<p>En su car\u00e1cter de Comandante en Jefe, Rodr\u00edguez enfatiz\u00f3 su compromiso personal con la dignidad de cada integrante de los cuerpos de seguridad, asegurando que el Estado velar\u00e1 por su integridad con el mismo esmero que ellos protegen al pueblo. Mientras la Misi\u00f3n Negro Primero se concentrar\u00e1 en el bienestar del n\u00facleo familiar militar, la Misi\u00f3n Guardianes de la Patria estar\u00e1 dirigida exclusivamente a los organismos de seguridad ciudadana y sus funcionarios.<\/p>\n\n\n\n<p>Este fortalecimiento del sistema de bienestar social busca blindar la moral de los uniformados frente a agresiones externas y dificultades financieras. Al garantizar condiciones de vida dignas, el Gobierno Bolivariano asegura que la columna vertebral de la defensa nacional se mantenga s\u00f3lida y motivada, reconociendo el sacrificio de los hombres y mujeres en armas que defienden la paz de la Rep\u00fablica.<\/p>\n\n\n\n<p>Prensa Presidencial \/ Kaylib Maita<\/p>\n","protected":false},"excerpt":{"rendered":"<p>Universidad Militar Bolivariana, Caracas. \u2014 Con el firme prop\u00f3sito de profundizar la justicia social en las filas castrenses y policiales, la presidenta encargada, Delcy Rodr\u00edguez, anunci\u00f3 el relanzamiento de la Gran Misi\u00f3n Negro Primero y la Misi\u00f3n Guardianes de la Patria. Estos programas estrat\u00e9gicos buscan \u00absanar las heridas\u00bb causadas por la guerra econ\u00f3mica, priorizando la [&hellip;]<\/p>\n","protected":false},"author":17,"featured_media":39468,"comment_status":"open","ping_status":"open","sticky":false,"template":"","format":"standard","meta":{"footnotes":""},"categories":[18,7],"tags":[],"class_list":["post-39459","post","type-post","status-publish","format-standard","has-post-thumbnail","hentry","category-noticias-principales","category-notas-de-prensa"],"_links":{"self":[{"href":"https:\/\/prensapresidencialvenezuela.gob.ve\/index.php\/wp-json\/wp\/v2\/posts\/39459","targetHints":{"allow":["GET"]}}],"collection":[{"href":"https:\/\/prensapresidencialvenezuela.gob.ve\/index.php\/wp-json\/wp\/v2\/posts"}],"about":[{"href":"https:\/\/prensapresidencialvenezuela.gob.ve\/index.php\/wp-json\/wp\/v2\/types\/post"}],"author":[{"embeddable":true,"href":"https:\/\/prensapresidencialvenezuela.gob.ve\/index.php\/wp-json\/wp\/v2\/users\/17"}],"replies":[{"embeddable":true,"href":"https:\/\/prensapresidencialvenezuela.gob.ve\/index.php\/wp-json\/wp\/v2\/comments?post=39459"}],"version-history":[{"count":1,"href":"https:\/\/prensapresidencialvenezuela.gob.ve\/index.php\/wp-json\/wp\/v2\/posts\/39459\/revisions"}],"predecessor-version":[{"id":39469,"href":"https:\/\/prensapresidencialvenezuela.gob.ve\/index.php\/wp-json\/wp\/v2\/posts\/39459\/revisions\/39469"}],"wp:featuredmedia":[{"embeddable":true,"href":"https:\/\/prensapresidencialvenezuela.gob.ve\/index.php\/wp-json\/wp\/v2\/media\/39468"}],"wp:attachment":[{"href":"https:\/\/prensapresidencialvenezuela.gob.ve\/index.php\/wp-json\/wp\/v2\/media?parent=39459"}],"wp:term":[{"taxonomy":"category","embeddable":true,"href":"https:\/\/prensapresidencialvenezuela.gob.ve\/index.php\/wp-json\/wp\/v2\/categories?post=39459"},{"taxonomy":"post_tag","embeddable":true,"href":"https:\/\/prensapresidencialvenezuela.gob.ve\/index.php\/wp-json\/wp\/v2\/tags?post=39459"}],"curies":[{"name":"wp","href":"https:\/\/api.w.org\/{rel}","templated":true}]}}