{"id":39589,"date":"2026-01-29T14:57:05","date_gmt":"2026-01-29T18:57:05","guid":{"rendered":"https:\/\/prensapresidencialvenezuela.gob.ve\/?p=39589"},"modified":"2026-01-29T22:36:11","modified_gmt":"2026-01-30T02:36:11","slug":"conversacion-telefonica-entre-delcy-rodriguez-y-donal-trump-acuerdan-reabrir-espacio-aereo-comercial","status":"publish","type":"post","link":"https:\/\/prensapresidencialvenezuela.gob.ve\/index.php\/2026\/01\/29\/conversacion-telefonica-entre-delcy-rodriguez-y-donal-trump-acuerdan-reabrir-espacio-aereo-comercial\/","title":{"rendered":"Conversaci\u00f3n telef\u00f3nica entre Delcy Rodr\u00edguez y Donald Trump acuerdan reabrir espacio a\u00e9reo comercial"},"content":{"rendered":"\n<p>Caracas, Venezuela.- Tras una conversaci\u00f3n telef\u00f3nica entre la presidenta encargada de la Rep\u00fablica Bolivariana de Venezuela, Delcy Rodr\u00edguez y su hom\u00f3logo estadounidense, Donald Trump se confirm\u00f3 este jueves 29 de enero que el espacio a\u00e9reo comercial sobre Venezuela ser\u00e1 reabierto de manera inmediata. Durante una reuni\u00f3n de Gabinete en la Casa Blanca, el mandatario estadounidense asegur\u00f3 que espera que la medida sea efectiva al cierre de la jornada, permitiendo que tanto ciudadanos estadounidenses como venezolanos puedan viajar entre ambas naciones con totales garant\u00edas de seguridad.<\/p>\n\n\n\n<p>\u00abLe inform\u00e9 que abrir\u00edamos el espacio a\u00e9reo; muy pronto los ciudadanos podr\u00e1n viajar a Venezuela con seguridad y algunos venezolanos que quieran regresar lo podr\u00e1n hacer\u00bb, declar\u00f3 Trump, quien destac\u00f3 el fortalecimiento de los lazos diplom\u00e1ticos entre ambas administraciones. El jefe de Estado norteamericano calific\u00f3 la relaci\u00f3n con el liderazgo actual de Venezuela como \u00abmuy s\u00f3lida\u00bb, agradeciendo la disposici\u00f3n de su hom\u00f3loga para alcanzar este acuerdo que normalizar\u00e1 el tr\u00e1nsito a\u00e9reo comercial en la regi\u00f3n.<\/p>\n\n\n\n<p>Este anuncio marca un hito en la agenda bilateral, priorizando la conectividad y la movilidad de los ciudadanos bajo un marco de cooperaci\u00f3n mutua. Recientemente la presidenta encargada Delcy Rodr\u00edguez ha destacado que en el marco del respeto y la diplomacia se atender\u00e1n los diversos asuntos bilaterales para garantizar la paz y el bienestar social de ambos pueblos.<\/p>\n\n\n\n<p>A trav\u00e9s del di\u00e1logo diplom\u00e1tico reafirman un entendimiento que beneficiar\u00e1 a los ciudadanos venezolanos y estadounidenses permitiendo el traslado de manera directa y segura. Este acuerdo abrir\u00e1 paso a una nueva etapa de intercambio y estabilidad en las operaciones aeron\u00e1uticas internacionales.<\/p>\n\n\n\n<p>Prensa Presidencial \/ Kaylib Maita<\/p>\n","protected":false},"excerpt":{"rendered":"<p>Caracas, Venezuela.- Tras una conversaci\u00f3n telef\u00f3nica entre la presidenta encargada de la Rep\u00fablica Bolivariana de Venezuela, Delcy Rodr\u00edguez y su hom\u00f3logo estadounidense, Donald Trump se confirm\u00f3 este jueves 29 de enero que el espacio a\u00e9reo comercial sobre Venezuela ser\u00e1 reabierto de manera inmediata. Durante una reuni\u00f3n de Gabinete en la Casa Blanca, el mandatario estadounidense [&hellip;]<\/p>\n","protected":false},"author":17,"featured_media":39590,"comment_status":"open","ping_status":"open","sticky":false,"template":"","format":"standard","meta":{"footnotes":""},"categories":[18,7],"tags":[],"class_list":["post-39589","post","type-post","status-publish","format-standard","has-post-thumbnail","hentry","category-noticias-principales","category-notas-de-prensa"],"_links":{"self":[{"href":"https:\/\/prensapresidencialvenezuela.gob.ve\/index.php\/wp-json\/wp\/v2\/posts\/39589","targetHints":{"allow":["GET"]}}],"collection":[{"href":"https:\/\/prensapresidencialvenezuela.gob.ve\/index.php\/wp-json\/wp\/v2\/posts"}],"about":[{"href":"https:\/\/prensapresidencialvenezuela.gob.ve\/index.php\/wp-json\/wp\/v2\/types\/post"}],"author":[{"embeddable":true,"href":"https:\/\/prensapresidencialvenezuela.gob.ve\/index.php\/wp-json\/wp\/v2\/users\/17"}],"replies":[{"embeddable":true,"href":"https:\/\/prensapresidencialvenezuela.gob.ve\/index.php\/wp-json\/wp\/v2\/comments?post=39589"}],"version-history":[{"count":6,"href":"https:\/\/prensapresidencialvenezuela.gob.ve\/index.php\/wp-json\/wp\/v2\/posts\/39589\/revisions"}],"predecessor-version":[{"id":39658,"href":"https:\/\/prensapresidencialvenezuela.gob.ve\/index.php\/wp-json\/wp\/v2\/posts\/39589\/revisions\/39658"}],"wp:featuredmedia":[{"embeddable":true,"href":"https:\/\/prensapresidencialvenezuela.gob.ve\/index.php\/wp-json\/wp\/v2\/media\/39590"}],"wp:attachment":[{"href":"https:\/\/prensapresidencialvenezuela.gob.ve\/index.php\/wp-json\/wp\/v2\/media?parent=39589"}],"wp:term":[{"taxonomy":"category","embeddable":true,"href":"https:\/\/prensapresidencialvenezuela.gob.ve\/index.php\/wp-json\/wp\/v2\/categories?post=39589"},{"taxonomy":"post_tag","embeddable":true,"href":"https:\/\/prensapresidencialvenezuela.gob.ve\/index.php\/wp-json\/wp\/v2\/tags?post=39589"}],"curies":[{"name":"wp","href":"https:\/\/api.w.org\/{rel}","templated":true}]}}