{"id":39621,"date":"2026-01-29T20:22:00","date_gmt":"2026-01-30T00:22:00","guid":{"rendered":"https:\/\/prensapresidencialvenezuela.gob.ve\/?p=39621"},"modified":"2026-01-29T20:32:10","modified_gmt":"2026-01-30T00:32:10","slug":"ley-de-hidrocarburos-es-aprobada-por-unanimidad-para-convertir-el-petroleo-en-bienestar-social","status":"publish","type":"post","link":"https:\/\/prensapresidencialvenezuela.gob.ve\/index.php\/2026\/01\/29\/ley-de-hidrocarburos-es-aprobada-por-unanimidad-para-convertir-el-petroleo-en-bienestar-social\/","title":{"rendered":"Ley de Hidrocarburos es aprobada por unanimidad para convertir el petr\u00f3leo en bienestar social"},"content":{"rendered":"\n<p>Palacio de Miraflores, Caracas.- Desde el Palacio de Miraflores, la presidenta encargada de la Rep\u00fablica, Delcy Rodr\u00edguez, celebr\u00f3 este jueves la aprobaci\u00f3n de la reforma parcial a la Ley de Hidrocarburos como un hito de unidad nacional.<\/p>\n\n\n\n<p>Durante la Gran Marcha de la Clase Obrera, Rodr\u00edguez destac\u00f3 que, por primera vez, el instrumento legal cont\u00f3 con el respaldo de todos los sectores pol\u00edticos en la Asamblea Nacional, simbolizando una cohesi\u00f3n in\u00e9dita en defensa de la soberan\u00eda energ\u00e9tica del pa\u00eds.<\/p>\n\n\n\n<p>Subray\u00f3 que esta reforma no fue un paso improvisado, sino un plan estrat\u00e9gico dise\u00f1ado junto al Ejecutivo. \u00abEn esta ley est\u00e1 la impronta del Comandante Ch\u00e1vez y la visi\u00f3n de futuro del Presidente Nicol\u00e1s Maduro.\u00bb, afirm\u00f3 ante la multitud de trabajadores petroleros que marcharon en respaldo a la normativa.<\/p>\n\n\n\n<p>Aprovech\u00f3 el escenario para exaltar la labor de la clase obrera, calific\u00e1ndola como una fuerza de primera clase que se mantuvo al frente durante los momentos m\u00e1s cr\u00edticos de la industria. Record\u00f3 que, pese al bloqueo econ\u00f3mico y financiero, las manos laboriosas de los trabajadores han sido el motor para sostener la prosperidad y la paz social del pueblo venezolano.<\/p>\n\n\n\n<p>Sobre el impacto econ\u00f3mico de la normativa en cuesti\u00f3n, expres\u00f3: \u00ab\u00bfDe qu\u00e9 sirven las reservas m\u00e1s grandes de petr\u00f3leo del planeta si no las podemos convertir en salarios, en hospitales, en alimentaci\u00f3n y en educaci\u00f3n?\u00bb.<\/p>\n\n\n\n<p>Finalmente, asegur\u00f3 que este paso legislativo representa un \u00absalto hist\u00f3rico cualitativo\u00bb que busca transformar la riqueza mineral en justicia social. \u00abEsta Ley nos permite convertir las reservas m\u00e1s grandes del planeta en la felicidad m\u00e1s grande que pueda tener un pueblo\u00bb, concluy\u00f3, reafirmando el compromiso del Gobierno con la recuperaci\u00f3n del estado de bienestar.<\/p>\n\n\n\n<p><strong>Prensa Presidencial \/ Iliana Rosales<\/strong><\/p>\n","protected":false},"excerpt":{"rendered":"<p>Palacio de Miraflores, Caracas.- Desde el Palacio de Miraflores, la presidenta encargada de la Rep\u00fablica, Delcy Rodr\u00edguez, celebr\u00f3 este jueves la aprobaci\u00f3n de la reforma parcial a la Ley de Hidrocarburos como un hito de unidad nacional. Durante la Gran Marcha de la Clase Obrera, Rodr\u00edguez destac\u00f3 que, por primera vez, el instrumento legal cont\u00f3 [&hellip;]<\/p>\n","protected":false},"author":19,"featured_media":39620,"comment_status":"open","ping_status":"open","sticky":false,"template":"","format":"standard","meta":{"footnotes":""},"categories":[18,7],"tags":[122,20],"class_list":["post-39621","post","type-post","status-publish","format-standard","has-post-thumbnail","hentry","category-noticias-principales","category-notas-de-prensa","tag-delcy-rodriguez","tag-venezuela"],"_links":{"self":[{"href":"https:\/\/prensapresidencialvenezuela.gob.ve\/index.php\/wp-json\/wp\/v2\/posts\/39621","targetHints":{"allow":["GET"]}}],"collection":[{"href":"https:\/\/prensapresidencialvenezuela.gob.ve\/index.php\/wp-json\/wp\/v2\/posts"}],"about":[{"href":"https:\/\/prensapresidencialvenezuela.gob.ve\/index.php\/wp-json\/wp\/v2\/types\/post"}],"author":[{"embeddable":true,"href":"https:\/\/prensapresidencialvenezuela.gob.ve\/index.php\/wp-json\/wp\/v2\/users\/19"}],"replies":[{"embeddable":true,"href":"https:\/\/prensapresidencialvenezuela.gob.ve\/index.php\/wp-json\/wp\/v2\/comments?post=39621"}],"version-history":[{"count":1,"href":"https:\/\/prensapresidencialvenezuela.gob.ve\/index.php\/wp-json\/wp\/v2\/posts\/39621\/revisions"}],"predecessor-version":[{"id":39622,"href":"https:\/\/prensapresidencialvenezuela.gob.ve\/index.php\/wp-json\/wp\/v2\/posts\/39621\/revisions\/39622"}],"wp:featuredmedia":[{"embeddable":true,"href":"https:\/\/prensapresidencialvenezuela.gob.ve\/index.php\/wp-json\/wp\/v2\/media\/39620"}],"wp:attachment":[{"href":"https:\/\/prensapresidencialvenezuela.gob.ve\/index.php\/wp-json\/wp\/v2\/media?parent=39621"}],"wp:term":[{"taxonomy":"category","embeddable":true,"href":"https:\/\/prensapresidencialvenezuela.gob.ve\/index.php\/wp-json\/wp\/v2\/categories?post=39621"},{"taxonomy":"post_tag","embeddable":true,"href":"https:\/\/prensapresidencialvenezuela.gob.ve\/index.php\/wp-json\/wp\/v2\/tags?post=39621"}],"curies":[{"name":"wp","href":"https:\/\/api.w.org\/{rel}","templated":true}]}}