{"id":39627,"date":"2026-01-29T20:20:00","date_gmt":"2026-01-30T00:20:00","guid":{"rendered":"https:\/\/prensapresidencialvenezuela.gob.ve\/?p=39627"},"modified":"2026-01-29T20:33:35","modified_gmt":"2026-01-30T00:33:35","slug":"venezuela-se-proyecta-como-gran-potencia-energetica-con-enfoque-ecologico","status":"publish","type":"post","link":"https:\/\/prensapresidencialvenezuela.gob.ve\/index.php\/2026\/01\/29\/venezuela-se-proyecta-como-gran-potencia-energetica-con-enfoque-ecologico\/","title":{"rendered":"Venezuela se proyecta como gran potencia energ\u00e9tica con enfoque ecol\u00f3gico"},"content":{"rendered":"\n<p>Palacio de Miraflores, Caracas.- La presidente encargada de la Rep\u00fablica Bolivariana de Venezuela, Delcy Rodr\u00edguez, afirm\u00f3 este jueves que el pa\u00eds se encamina a consolidar su industria como una gran potencia energ\u00e9tica, a trav\u00e9s de la implementaci\u00f3n de est\u00e1ndares internacionales.<\/p>\n\n\n\n<p>Durante su intervenci\u00f3n en la Gran Marcha de la Clase Obrera en respaldo a la Ley de Hidrocarburos, destac\u00f3 que el Parlamento venezolano est\u00e1 enviando un mensaje al mundo sobre la capacidad de recuperaci\u00f3n de la Naci\u00f3n, asegurando que el pa\u00eds \u00absale a la palestra\u00bb para competir en el mercado global bajo un nuevo modelo de desarrollo.<\/p>\n\n\n\n<p>Rodr\u00edguez enfatiz\u00f3 que este crecimiento no debe generar conflictos \u00e9ticos, instando a la poblaci\u00f3n a la confianza en el sector. \u00abNo tengamos verg\u00fcenza por ser un pa\u00eds petrolero\u00bb, se\u00f1al\u00f3, argumentando que la visi\u00f3n actual busca armonizar la explotaci\u00f3n de recursos con la protecci\u00f3n ambiental.<\/p>\n\n\n\n<p>Al respecto, indic\u00f3 que el objetivo es alcanzar las mejores pr\u00e1cticas de la industria con un \u00abpleno apego y respeto a los derechos de la Madre Naturaleza\u00bb.<\/p>\n\n\n\n<p>Finalmente, destac\u00f3 que el pa\u00eds est\u00e1 transformando las horas de dificultad en esperanza. \u00abEstamos hablando del pa\u00eds que le vamos a dar a nuestros hijos y a nuestras hijas\u00bb, concluy\u00f3, reafirmando el compromiso de construir una econom\u00eda s\u00f3lida que sirva de base para el bienestar de las pr\u00f3ximas generaciones.<\/p>\n\n\n\n<p><strong>Prensa Presidencial \/ Iliana Rosales<\/strong><\/p>\n","protected":false},"excerpt":{"rendered":"<p>Palacio de Miraflores, Caracas.- La presidente encargada de la Rep\u00fablica Bolivariana de Venezuela, Delcy Rodr\u00edguez, afirm\u00f3 este jueves que el pa\u00eds se encamina a consolidar su industria como una gran potencia energ\u00e9tica, a trav\u00e9s de la implementaci\u00f3n de est\u00e1ndares internacionales. Durante su intervenci\u00f3n en la Gran Marcha de la Clase Obrera en respaldo a la [&hellip;]<\/p>\n","protected":false},"author":19,"featured_media":39628,"comment_status":"open","ping_status":"open","sticky":false,"template":"","format":"standard","meta":{"footnotes":""},"categories":[18,7],"tags":[122,20],"class_list":["post-39627","post","type-post","status-publish","format-standard","has-post-thumbnail","hentry","category-noticias-principales","category-notas-de-prensa","tag-delcy-rodriguez","tag-venezuela"],"_links":{"self":[{"href":"https:\/\/prensapresidencialvenezuela.gob.ve\/index.php\/wp-json\/wp\/v2\/posts\/39627","targetHints":{"allow":["GET"]}}],"collection":[{"href":"https:\/\/prensapresidencialvenezuela.gob.ve\/index.php\/wp-json\/wp\/v2\/posts"}],"about":[{"href":"https:\/\/prensapresidencialvenezuela.gob.ve\/index.php\/wp-json\/wp\/v2\/types\/post"}],"author":[{"embeddable":true,"href":"https:\/\/prensapresidencialvenezuela.gob.ve\/index.php\/wp-json\/wp\/v2\/users\/19"}],"replies":[{"embeddable":true,"href":"https:\/\/prensapresidencialvenezuela.gob.ve\/index.php\/wp-json\/wp\/v2\/comments?post=39627"}],"version-history":[{"count":1,"href":"https:\/\/prensapresidencialvenezuela.gob.ve\/index.php\/wp-json\/wp\/v2\/posts\/39627\/revisions"}],"predecessor-version":[{"id":39630,"href":"https:\/\/prensapresidencialvenezuela.gob.ve\/index.php\/wp-json\/wp\/v2\/posts\/39627\/revisions\/39630"}],"wp:featuredmedia":[{"embeddable":true,"href":"https:\/\/prensapresidencialvenezuela.gob.ve\/index.php\/wp-json\/wp\/v2\/media\/39628"}],"wp:attachment":[{"href":"https:\/\/prensapresidencialvenezuela.gob.ve\/index.php\/wp-json\/wp\/v2\/media?parent=39627"}],"wp:term":[{"taxonomy":"category","embeddable":true,"href":"https:\/\/prensapresidencialvenezuela.gob.ve\/index.php\/wp-json\/wp\/v2\/categories?post=39627"},{"taxonomy":"post_tag","embeddable":true,"href":"https:\/\/prensapresidencialvenezuela.gob.ve\/index.php\/wp-json\/wp\/v2\/tags?post=39627"}],"curies":[{"name":"wp","href":"https:\/\/api.w.org\/{rel}","templated":true}]}}