{"id":39634,"date":"2026-01-29T19:00:00","date_gmt":"2026-01-29T23:00:00","guid":{"rendered":"https:\/\/prensapresidencialvenezuela.gob.ve\/?p=39634"},"modified":"2026-01-29T20:35:13","modified_gmt":"2026-01-30T00:35:13","slug":"presidenta-e-delcy-rodriguez-la-fanb-y-organismos-de-seguridad-ciudadana-estan-al-mando-del-pueblo-para-garantizar-la-paz","status":"publish","type":"post","link":"https:\/\/prensapresidencialvenezuela.gob.ve\/index.php\/2026\/01\/29\/presidenta-e-delcy-rodriguez-la-fanb-y-organismos-de-seguridad-ciudadana-estan-al-mando-del-pueblo-para-garantizar-la-paz\/","title":{"rendered":"\u201cLa FANB y Organismos de Seguridad Ciudadana est\u00e1n al mando del Pueblo para garantizar la Paz\u00bb"},"content":{"rendered":"\n<p><strong>Palacio de Miraflores, Caracas.- <\/strong>La presidenta encargada de la Rep\u00fablica Bolivariana de Venezuela, Delcy Rodr\u00edguez, solicit\u00f3 que tanto la Fuerza Armada Nacional Bolivariana (FANB) como los organismos de seguridad ciudadana deben subordinarse directamente a los intereses de la ciudadan\u00eda.<\/p>\n\n\n\n<p>\u201cNo solamente a mi mando, que est\u00e9n al mando del pueblo venezolano\u2026 para garantizar la paz, la soberan\u00eda, la integridad territorial y la defensa\u201d, expres\u00f3 la mandataria encargada, durante la Gran Marcha de la Clase Obrera en respaldo a la Ley de Hidrocarburos.<\/p>\n\n\n\n<p>La presidenta vincul\u00f3 este respaldo militar y policial con la estabilidad necesaria para ejecutar los planes de desarrollo energ\u00e9tico, incluyendo la hist\u00f3rica primera exportaci\u00f3n de gas y la reforma parcial de la Ley de Hidrocarburos.<\/p>\n\n\n\n<p>Rodr\u00edguez subray\u00f3 que la unidad c\u00edvico-militar es el \u00fanico garante de que los recursos del pa\u00eds se transformen en beneficios reales, asegurando que el despliegue de seguridad debe actuar como un protector de la \u201cpaz y la tranquilidad de esta Patria\u201d, permitiendo el avance de los proyectos.<\/p>\n\n\n\n<p><strong>Prensa Presidencial \/ Iliana Rosales<\/strong><\/p>\n","protected":false},"excerpt":{"rendered":"<p>Palacio de Miraflores, Caracas.- La presidenta encargada de la Rep\u00fablica Bolivariana de Venezuela, Delcy Rodr\u00edguez, solicit\u00f3 que tanto la Fuerza Armada Nacional Bolivariana (FANB) como los organismos de seguridad ciudadana deben subordinarse directamente a los intereses de la ciudadan\u00eda. \u201cNo solamente a mi mando, que est\u00e9n al mando del pueblo venezolano\u2026 para garantizar la paz, [&hellip;]<\/p>\n","protected":false},"author":19,"featured_media":39635,"comment_status":"open","ping_status":"open","sticky":false,"template":"","format":"standard","meta":{"footnotes":""},"categories":[18,7],"tags":[122,20],"class_list":["post-39634","post","type-post","status-publish","format-standard","has-post-thumbnail","hentry","category-noticias-principales","category-notas-de-prensa","tag-delcy-rodriguez","tag-venezuela"],"_links":{"self":[{"href":"https:\/\/prensapresidencialvenezuela.gob.ve\/index.php\/wp-json\/wp\/v2\/posts\/39634","targetHints":{"allow":["GET"]}}],"collection":[{"href":"https:\/\/prensapresidencialvenezuela.gob.ve\/index.php\/wp-json\/wp\/v2\/posts"}],"about":[{"href":"https:\/\/prensapresidencialvenezuela.gob.ve\/index.php\/wp-json\/wp\/v2\/types\/post"}],"author":[{"embeddable":true,"href":"https:\/\/prensapresidencialvenezuela.gob.ve\/index.php\/wp-json\/wp\/v2\/users\/19"}],"replies":[{"embeddable":true,"href":"https:\/\/prensapresidencialvenezuela.gob.ve\/index.php\/wp-json\/wp\/v2\/comments?post=39634"}],"version-history":[{"count":2,"href":"https:\/\/prensapresidencialvenezuela.gob.ve\/index.php\/wp-json\/wp\/v2\/posts\/39634\/revisions"}],"predecessor-version":[{"id":39645,"href":"https:\/\/prensapresidencialvenezuela.gob.ve\/index.php\/wp-json\/wp\/v2\/posts\/39634\/revisions\/39645"}],"wp:featuredmedia":[{"embeddable":true,"href":"https:\/\/prensapresidencialvenezuela.gob.ve\/index.php\/wp-json\/wp\/v2\/media\/39635"}],"wp:attachment":[{"href":"https:\/\/prensapresidencialvenezuela.gob.ve\/index.php\/wp-json\/wp\/v2\/media?parent=39634"}],"wp:term":[{"taxonomy":"category","embeddable":true,"href":"https:\/\/prensapresidencialvenezuela.gob.ve\/index.php\/wp-json\/wp\/v2\/categories?post=39634"},{"taxonomy":"post_tag","embeddable":true,"href":"https:\/\/prensapresidencialvenezuela.gob.ve\/index.php\/wp-json\/wp\/v2\/tags?post=39634"}],"curies":[{"name":"wp","href":"https:\/\/api.w.org\/{rel}","templated":true}]}}