{"id":39640,"date":"2026-01-29T20:21:47","date_gmt":"2026-01-30T00:21:47","guid":{"rendered":"https:\/\/prensapresidencialvenezuela.gob.ve\/?p=39640"},"modified":"2026-01-29T20:21:48","modified_gmt":"2026-01-30T00:21:48","slug":"delcy-rodriguez-damos-la-bienvenida-a-la-inversion-nacional-e-internacional","status":"publish","type":"post","link":"https:\/\/prensapresidencialvenezuela.gob.ve\/index.php\/2026\/01\/29\/delcy-rodriguez-damos-la-bienvenida-a-la-inversion-nacional-e-internacional\/","title":{"rendered":"Delcy Rodr\u00edguez: Damos la bienvenida a la inversi\u00f3n nacional e internacional"},"content":{"rendered":"\n<p>Palacio de Miraflores, Caracas. \u2014 \u201cDamos la bienvenida a la inversi\u00f3n externa y nacional para potenciar el desarrollo productivo en las \u00e1reas de petr\u00f3leo, gas y petroqu\u00edmica. En las pr\u00f3ximas horas, compartiremos un video que nos har\u00e1 sentir muy orgullosos: mostrar\u00e1 la primera exportaci\u00f3n de una mol\u00e9cula de gas en la historia de Venezuela\u201d, afirm\u00f3 la presidenta encargada de la Rep\u00fablica, Delcy Rodr\u00edguez.<\/p>\n\n\n\n<p>Tras la aprobaci\u00f3n un\u00e1nime en la Asamblea Nacional del proyecto de Reforma Parcial de la Ley de Hidrocarburos, Rodr\u00edguez destac\u00f3 que el pa\u00eds abre sus puertas a capitales propios y extranjeros que deseen apostar por el crecimiento econ\u00f3mico nacional.<\/p>\n\n\n\n<p>Asimismo, anunci\u00f3 que la Naci\u00f3n ya est\u00e1 preparada para iniciar la exportaci\u00f3n de gas. \u201cEl barco ya se encuentra en aguas venezolanas y lo veremos zarpar en las pr\u00f3ximas horas. Es un hito que compartir\u00e9 con todo nuestro pueblo\u201d, detall\u00f3.<\/p>\n\n\n\n<p>Finalmente, record\u00f3 que los ingresos derivados de la comercializaci\u00f3n de hidrocarburos beneficiar\u00e1n directamente a la poblaci\u00f3n y se traducir\u00e1n en mejoras econ\u00f3micas, ya que ser\u00e1n destinados a los Fondos Soberanos.<\/p>\n\n\n\n<p><strong>Prensa Presidencial \/ Iliana Rosales<\/strong><\/p>\n","protected":false},"excerpt":{"rendered":"<p>Palacio de Miraflores, Caracas. \u2014 \u201cDamos la bienvenida a la inversi\u00f3n externa y nacional para potenciar el desarrollo productivo en las \u00e1reas de petr\u00f3leo, gas y petroqu\u00edmica. En las pr\u00f3ximas horas, compartiremos un video que nos har\u00e1 sentir muy orgullosos: mostrar\u00e1 la primera exportaci\u00f3n de una mol\u00e9cula de gas en la historia de Venezuela\u201d, afirm\u00f3 [&hellip;]<\/p>\n","protected":false},"author":19,"featured_media":39642,"comment_status":"open","ping_status":"open","sticky":false,"template":"","format":"standard","meta":{"footnotes":""},"categories":[18],"tags":[122,20],"class_list":["post-39640","post","type-post","status-publish","format-standard","has-post-thumbnail","hentry","category-noticias-principales","tag-delcy-rodriguez","tag-venezuela"],"_links":{"self":[{"href":"https:\/\/prensapresidencialvenezuela.gob.ve\/index.php\/wp-json\/wp\/v2\/posts\/39640","targetHints":{"allow":["GET"]}}],"collection":[{"href":"https:\/\/prensapresidencialvenezuela.gob.ve\/index.php\/wp-json\/wp\/v2\/posts"}],"about":[{"href":"https:\/\/prensapresidencialvenezuela.gob.ve\/index.php\/wp-json\/wp\/v2\/types\/post"}],"author":[{"embeddable":true,"href":"https:\/\/prensapresidencialvenezuela.gob.ve\/index.php\/wp-json\/wp\/v2\/users\/19"}],"replies":[{"embeddable":true,"href":"https:\/\/prensapresidencialvenezuela.gob.ve\/index.php\/wp-json\/wp\/v2\/comments?post=39640"}],"version-history":[{"count":1,"href":"https:\/\/prensapresidencialvenezuela.gob.ve\/index.php\/wp-json\/wp\/v2\/posts\/39640\/revisions"}],"predecessor-version":[{"id":39641,"href":"https:\/\/prensapresidencialvenezuela.gob.ve\/index.php\/wp-json\/wp\/v2\/posts\/39640\/revisions\/39641"}],"wp:featuredmedia":[{"embeddable":true,"href":"https:\/\/prensapresidencialvenezuela.gob.ve\/index.php\/wp-json\/wp\/v2\/media\/39642"}],"wp:attachment":[{"href":"https:\/\/prensapresidencialvenezuela.gob.ve\/index.php\/wp-json\/wp\/v2\/media?parent=39640"}],"wp:term":[{"taxonomy":"category","embeddable":true,"href":"https:\/\/prensapresidencialvenezuela.gob.ve\/index.php\/wp-json\/wp\/v2\/categories?post=39640"},{"taxonomy":"post_tag","embeddable":true,"href":"https:\/\/prensapresidencialvenezuela.gob.ve\/index.php\/wp-json\/wp\/v2\/tags?post=39640"}],"curies":[{"name":"wp","href":"https:\/\/api.w.org\/{rel}","templated":true}]}}