{"id":39679,"date":"2026-01-30T18:52:22","date_gmt":"2026-01-30T22:52:22","guid":{"rendered":"https:\/\/prensapresidencialvenezuela.gob.ve\/?p=39679"},"modified":"2026-01-31T10:30:54","modified_gmt":"2026-01-31T14:30:54","slug":"presidenta-encargada-lidera-sesion-solemne-de-apertura-judicial-2026-y-presentacion-del-informe-de-gestion-correspondiente-al-ano-2025","status":"publish","type":"post","link":"https:\/\/prensapresidencialvenezuela.gob.ve\/index.php\/2026\/01\/30\/presidenta-encargada-lidera-sesion-solemne-de-apertura-judicial-2026-y-presentacion-del-informe-de-gestion-correspondiente-al-ano-2025\/","title":{"rendered":"Presidenta Encargada lidera Sesi\u00f3n Solemne de Apertura Judicial 2026 y presentaci\u00f3n del Informe de Gesti\u00f3n correspondiente al a\u00f1o 2025"},"content":{"rendered":"\n<p><strong>Caracas, Venezuela.-<\/strong> La presidenta encargada de la Rep\u00fablica Bolivariana de Venezuela, Delcy Rodr\u00edguez, preside la Sesi\u00f3n Solemne de Apertura Judicial 2026, desde el Auditorio Principal del Tribunal Supremo de Justicia (TSJ), con el objetivo de continuar trabajando por la consolidaci\u00f3n del poderoso sistema de administraci\u00f3n de justicia. <\/p>\n\n\n\n<p>Durante este acto solemne de Apertura de Actividades Judiciales 2026, la Presidenta del TSJ, Mag. Caryslia Rodr\u00edguez, presentar\u00e1 el Informe de Gesti\u00f3n correspondiente al a\u00f1o 2025. <\/p>\n\n\n\n<p>En este sentido, es relevante mencionar que el comienzo de a\u00f1o judicial abre un espacio para seguir consolidando la justicia que es garant\u00eda de Paz para la Naci\u00f3n. <\/p>\n\n\n\n<figure class=\"wp-block-image size-large\"><img fetchpriority=\"high\" decoding=\"async\" width=\"931\" height=\"1024\" src=\"https:\/\/prensapresidencialvenezuela.gob.ve\/wp-content\/uploads\/2026\/01\/02_ZC_L8326_P-1-931x1024.jpg\" alt=\"\" class=\"wp-image-39706\" srcset=\"https:\/\/prensapresidencialvenezuela.gob.ve\/wp-content\/uploads\/2026\/01\/02_ZC_L8326_P-1-931x1024.jpg 931w, https:\/\/prensapresidencialvenezuela.gob.ve\/wp-content\/uploads\/2026\/01\/02_ZC_L8326_P-1-273x300.jpg 273w, https:\/\/prensapresidencialvenezuela.gob.ve\/wp-content\/uploads\/2026\/01\/02_ZC_L8326_P-1-768x844.jpg 768w, https:\/\/prensapresidencialvenezuela.gob.ve\/wp-content\/uploads\/2026\/01\/02_ZC_L8326_P-1-1397x1536.jpg 1397w, https:\/\/prensapresidencialvenezuela.gob.ve\/wp-content\/uploads\/2026\/01\/02_ZC_L8326_P-1-1863x2048.jpg 1863w\" sizes=\"(max-width: 931px) 100vw, 931px\" \/><\/figure>\n\n\n\n<p>La sesi\u00f3n solemne est\u00e1 basada en el art\u00edculo 267 de la Constituci\u00f3n de la Rep\u00fablica Bolivariana de Venezuela (CRBV), en el art\u00edculo dos (2) de la Ley Org\u00e1nica del Tribunal Supremo de Justicia y el art\u00edculo 26 de la Ley Org\u00e1nica del Poder Judicial. <\/p>\n\n\n\n<p>Desde la agresi\u00f3n militar que sufri\u00f3 el pa\u00eds el pasado 3 de enero, la Presidenta Encargada revalid\u00f3 la disposici\u00f3n del Gobierno al di\u00e1logo profundo para consolidar la paz nacional. Por otra parte, el presidente de la Rep\u00fablica Bolivariana de Venezuela, Nicol\u00e1s Maduro Moros, hizo un llamado de manera reiterada a los integrantes de la justicia venezolana a escuchar al pueblo (directamente) en las comunidades para tener un Poder Judicial m\u00e1s adaptado a los nuevos tiempos. <\/p>\n\n\n\n<p>La presidenta del Tribunal Supremo de Justicia, Mag. Caryslia Rodr\u00edguez, y los integrantes del Poder Ciudadano: fiscal general de la Rep\u00fablica, Dr. Tarek William Saab; el defensor del Pueblo, Dr. Alfredo Ruiz y el contralor general de la Rep\u00fablica (E), el Dr. Gustavo Vizca\u00edno Gil, acompa\u00f1aron a la jefa de Estado y de Gobierno. <\/p>\n\n\n\n<p><strong>Prensa Presidencial\/ Irmary D\u00edaz<\/strong><\/p>\n","protected":false},"excerpt":{"rendered":"<p>Caracas, Venezuela.- La presidenta encargada de la Rep\u00fablica Bolivariana de Venezuela, Delcy Rodr\u00edguez, preside la Sesi\u00f3n Solemne de Apertura Judicial 2026, desde el Auditorio Principal del Tribunal Supremo de Justicia (TSJ), con el objetivo de continuar trabajando por la consolidaci\u00f3n del poderoso sistema de administraci\u00f3n de justicia. Durante este acto solemne de Apertura de Actividades [&hellip;]<\/p>\n","protected":false},"author":15,"featured_media":39705,"comment_status":"open","ping_status":"open","sticky":false,"template":"","format":"standard","meta":{"footnotes":""},"categories":[18,7],"tags":[1891,20],"class_list":["post-39679","post","type-post","status-publish","format-standard","has-post-thumbnail","hentry","category-noticias-principales","category-notas-de-prensa","tag-presidenta-encargada-delcy-rodriguez","tag-venezuela"],"_links":{"self":[{"href":"https:\/\/prensapresidencialvenezuela.gob.ve\/index.php\/wp-json\/wp\/v2\/posts\/39679","targetHints":{"allow":["GET"]}}],"collection":[{"href":"https:\/\/prensapresidencialvenezuela.gob.ve\/index.php\/wp-json\/wp\/v2\/posts"}],"about":[{"href":"https:\/\/prensapresidencialvenezuela.gob.ve\/index.php\/wp-json\/wp\/v2\/types\/post"}],"author":[{"embeddable":true,"href":"https:\/\/prensapresidencialvenezuela.gob.ve\/index.php\/wp-json\/wp\/v2\/users\/15"}],"replies":[{"embeddable":true,"href":"https:\/\/prensapresidencialvenezuela.gob.ve\/index.php\/wp-json\/wp\/v2\/comments?post=39679"}],"version-history":[{"count":3,"href":"https:\/\/prensapresidencialvenezuela.gob.ve\/index.php\/wp-json\/wp\/v2\/posts\/39679\/revisions"}],"predecessor-version":[{"id":39707,"href":"https:\/\/prensapresidencialvenezuela.gob.ve\/index.php\/wp-json\/wp\/v2\/posts\/39679\/revisions\/39707"}],"wp:featuredmedia":[{"embeddable":true,"href":"https:\/\/prensapresidencialvenezuela.gob.ve\/index.php\/wp-json\/wp\/v2\/media\/39705"}],"wp:attachment":[{"href":"https:\/\/prensapresidencialvenezuela.gob.ve\/index.php\/wp-json\/wp\/v2\/media?parent=39679"}],"wp:term":[{"taxonomy":"category","embeddable":true,"href":"https:\/\/prensapresidencialvenezuela.gob.ve\/index.php\/wp-json\/wp\/v2\/categories?post=39679"},{"taxonomy":"post_tag","embeddable":true,"href":"https:\/\/prensapresidencialvenezuela.gob.ve\/index.php\/wp-json\/wp\/v2\/tags?post=39679"}],"curies":[{"name":"wp","href":"https:\/\/api.w.org\/{rel}","templated":true}]}}