{"id":39709,"date":"2026-01-30T19:42:49","date_gmt":"2026-01-30T23:42:49","guid":{"rendered":"https:\/\/prensapresidencialvenezuela.gob.ve\/?p=39709"},"modified":"2026-01-30T20:51:52","modified_gmt":"2026-01-31T00:51:52","slug":"tsj-salvaguarda-la-continuidad-del-estado-la-gestion-de-gobierno-y-la-defensa-de-la-soberania-de-venezuela","status":"publish","type":"post","link":"https:\/\/prensapresidencialvenezuela.gob.ve\/index.php\/2026\/01\/30\/tsj-salvaguarda-la-continuidad-del-estado-la-gestion-de-gobierno-y-la-defensa-de-la-soberania-de-venezuela\/","title":{"rendered":"M\u00e1ximo Tribunal salvaguarda la continuidad del Estado la gesti\u00f3n de gobierno y la defensa de la soberan\u00eda de Venezuela"},"content":{"rendered":"\n<p><strong>Caracas, Venezuela.- <\/strong>El vicepresidente de la Sala de Casaci\u00f3n Social del Tribunal Supremo de Justicia, magistrado Carlos Alexis Castillo Ascanio, en su discurso como orador de orden del acto Solemne con motivo de la Apertura de Actividades Judiciales del a\u00f1o 2026 y presentaci\u00f3n del Informe de Gesti\u00f3n correspondiente al a\u00f1o 2025, destac\u00f3 que el Tribunal Supremo de Justicia actu\u00f3 con la premura que la patria exigi\u00f3 el pasado 3 de enero, ante el acto de agresi\u00f3n il\u00edcita e hizo valer la supremac\u00eda constitucional y enarbol\u00f3 la bandera de la soberan\u00eda y la dignidad nacional.<\/p>\n\n\n\n<p>Ante la presidenta encargada de la Rep\u00fablica Bolivariana de Venezuela, Delcy Rodr\u00edguez G\u00f3mez, y las autoridades presentes, el magistrado Castillo explic\u00f3 c\u00f3mo la Sala Constitucional, en trascendental decisi\u00f3n del 3 de enero de 2026, \u00absalvaguard\u00f3 la continuidad del Estado, la gesti\u00f3n de gobierno y la defensa de la soberan\u00eda ante la ausencia forzosa del Presidente de la Rep\u00fablica, Nicol\u00e1s Maduro Moros y de la Primera Dama, Cilia Flores\u00bb, dijo.<\/p>\n\n\n\n\n\n<p>Asegur\u00f3 Castillo que la Constituci\u00f3n de Venezuela y sus instituciones est\u00e1n a la altura de este tiempo. \u00abNo retrocedamos ante las dificultades que el poder f\u00e1ctico internacional ha generado al profanar el cielo y el suelo sagrado de la Patria de Bol\u00edvar\u00bb, precis\u00f3.<\/p>\n\n\n\n<p>A juicio del Poder Judicial que representa, el vicepresidente de la Sala de Casaci\u00f3n Social dijo que \u00abla continuidad del Estado se mantiene inc\u00f3lume, gracias al desempe\u00f1o cabal de la direcci\u00f3n del pa\u00eds por parte de la presidenta encargada, Delcy Rodr\u00edguez G\u00f3mez\u00bb.<\/p>\n\n\n\n<p><strong>Prensa Presidencial\/ Claudia Guerra M\u00e9ndez<\/strong><\/p>\n","protected":false},"excerpt":{"rendered":"<p>Caracas, Venezuela.- El vicepresidente de la Sala de Casaci\u00f3n Social del Tribunal Supremo de Justicia, magistrado Carlos Alexis Castillo Ascanio, en su discurso como orador de orden del acto Solemne con motivo de la Apertura de Actividades Judiciales del a\u00f1o 2026 y presentaci\u00f3n del Informe de Gesti\u00f3n correspondiente al a\u00f1o 2025, destac\u00f3 que el Tribunal [&hellip;]<\/p>\n","protected":false},"author":18,"featured_media":39710,"comment_status":"open","ping_status":"open","sticky":false,"template":"","format":"standard","meta":{"footnotes":""},"categories":[18,7],"tags":[557,1891,20],"class_list":["post-39709","post","type-post","status-publish","format-standard","has-post-thumbnail","hentry","category-noticias-principales","category-notas-de-prensa","tag-paz","tag-presidenta-encargada-delcy-rodriguez","tag-venezuela"],"_links":{"self":[{"href":"https:\/\/prensapresidencialvenezuela.gob.ve\/index.php\/wp-json\/wp\/v2\/posts\/39709","targetHints":{"allow":["GET"]}}],"collection":[{"href":"https:\/\/prensapresidencialvenezuela.gob.ve\/index.php\/wp-json\/wp\/v2\/posts"}],"about":[{"href":"https:\/\/prensapresidencialvenezuela.gob.ve\/index.php\/wp-json\/wp\/v2\/types\/post"}],"author":[{"embeddable":true,"href":"https:\/\/prensapresidencialvenezuela.gob.ve\/index.php\/wp-json\/wp\/v2\/users\/18"}],"replies":[{"embeddable":true,"href":"https:\/\/prensapresidencialvenezuela.gob.ve\/index.php\/wp-json\/wp\/v2\/comments?post=39709"}],"version-history":[{"count":2,"href":"https:\/\/prensapresidencialvenezuela.gob.ve\/index.php\/wp-json\/wp\/v2\/posts\/39709\/revisions"}],"predecessor-version":[{"id":39764,"href":"https:\/\/prensapresidencialvenezuela.gob.ve\/index.php\/wp-json\/wp\/v2\/posts\/39709\/revisions\/39764"}],"wp:featuredmedia":[{"embeddable":true,"href":"https:\/\/prensapresidencialvenezuela.gob.ve\/index.php\/wp-json\/wp\/v2\/media\/39710"}],"wp:attachment":[{"href":"https:\/\/prensapresidencialvenezuela.gob.ve\/index.php\/wp-json\/wp\/v2\/media?parent=39709"}],"wp:term":[{"taxonomy":"category","embeddable":true,"href":"https:\/\/prensapresidencialvenezuela.gob.ve\/index.php\/wp-json\/wp\/v2\/categories?post=39709"},{"taxonomy":"post_tag","embeddable":true,"href":"https:\/\/prensapresidencialvenezuela.gob.ve\/index.php\/wp-json\/wp\/v2\/tags?post=39709"}],"curies":[{"name":"wp","href":"https:\/\/api.w.org\/{rel}","templated":true}]}}