{"id":39724,"date":"2026-01-30T19:22:46","date_gmt":"2026-01-30T23:22:46","guid":{"rendered":"https:\/\/prensapresidencialvenezuela.gob.ve\/?p=39724"},"modified":"2026-01-30T19:22:46","modified_gmt":"2026-01-30T23:22:46","slug":"programa-tribunales-moviles-alcanzo-cobertura-historica-en-mas-de-3-500-comunas-durante-2025","status":"publish","type":"post","link":"https:\/\/prensapresidencialvenezuela.gob.ve\/index.php\/2026\/01\/30\/programa-tribunales-moviles-alcanzo-cobertura-historica-en-mas-de-3-500-comunas-durante-2025\/","title":{"rendered":"Programa Tribunales M\u00f3viles alcanz\u00f3 cobertura hist\u00f3rica en m\u00e1s de 3.500 comunas durante 2025"},"content":{"rendered":"\n<p>Caracas, Venezuela.- La gesti\u00f3n del Poder Judicial en el a\u00f1o 2025, como parte de su pol\u00edtica de justicia de proximidad, extendida por medio de la implementaci\u00f3n del Programa de Tribunales M\u00f3viles, ejecut\u00f3 1.037 jornadas integrales a escala nacional, permitiendo la cobertura de 267 municipios y 3.535 comunas, para un total de 213 mil 928 tr\u00e1mites legales realizados de forma directa e inmediata.<\/p>\n\n\n\n<p>As\u00ed lo inform\u00f3 la magistrada Caryslia Beatriz Rodr\u00edguez Rodr\u00edguez, presidenta del Tribunal Supremo de Justicia, durante la Sesi\u00f3n Solemne de Apertura de las Actividades Judiciales del a\u00f1o 2026, present\u00f3 un balance de gesti\u00f3n en el que resalt\u00f3 el impacto de este programa que alcanz\u00f3 a 680.696 beneficiarios y dinamiz\u00f3 la gesti\u00f3n judicial y rompi\u00f3 las barreras geogr\u00e1ficas para el acceso a la justicia.<\/p>\n\n\n\n<p>\u00abLos Tribunales M\u00f3viles son un pilar fundamental para brindar respuestas efectivas y oportunas en el coraz\u00f3n de nuestras comunidades\u00bb, se\u00f1al\u00f3. Este esfuerzo se complement\u00f3 con la labor de la Justicia de Paz Comunal, logrando una cobertura de atenci\u00f3n que, sumada a otros servicios, impact\u00f3 a m\u00e1s de 5,5 millones de venezolanos.<\/p>\n\n\n\n<p>Formaci\u00f3n t\u00e9cnica y presencia internacional<\/p>\n\n\n\n<p>Por otro lado, en el \u00e1mbito del perfeccionamiento t\u00e9cnico, la presidenta del TSJ destac\u00f3 la implementaci\u00f3n de planes estrat\u00e9gicos y una agenda de formaci\u00f3n jur\u00eddica. Durante 2025, el alto tribunal organiz\u00f3 foros y simposios de trascendencia internacional que permitieron el intercambio de conocimientos y el fortalecimiento del acervo jur\u00eddico nacional.<\/p>\n\n\n\n<p>Asimismo, la magistrada Rodr\u00edguez subray\u00f3 la activa vinculaci\u00f3n de Venezuela en el escenario global, mencionando espec\u00edficamente el \u00abEncuentro de Juristas en Defensa del Derecho Internacional\u00bb celebrado en Caracas los d\u00edas 13 y 14 de noviembre de 2025. Estas actuaciones internacionales tuvieron como objetivo reafirmar la posici\u00f3n de la Naci\u00f3n en espacios de concertaci\u00f3n global, defendiendo los principios de soberan\u00eda y legalidad frente a presiones externas.<\/p>\n\n\n\n<p>Prensa Presidencial \/ Iliana Rosales<\/p>\n","protected":false},"excerpt":{"rendered":"<p>Caracas, Venezuela.- La gesti\u00f3n del Poder Judicial en el a\u00f1o 2025, como parte de su pol\u00edtica de justicia de proximidad, extendida por medio de la implementaci\u00f3n del Programa de Tribunales M\u00f3viles, ejecut\u00f3 1.037 jornadas integrales a escala nacional, permitiendo la cobertura de 267 municipios y 3.535 comunas, para un total de 213 mil 928 tr\u00e1mites [&hellip;]<\/p>\n","protected":false},"author":19,"featured_media":39726,"comment_status":"open","ping_status":"open","sticky":false,"template":"","format":"standard","meta":{"footnotes":""},"categories":[18,7],"tags":[1892,122,738,20],"class_list":["post-39724","post","type-post","status-publish","format-standard","has-post-thumbnail","hentry","category-noticias-principales","category-notas-de-prensa","tag-caryslia-beatriz-rodriguez-rodriguez","tag-delcy-rodriguez","tag-tsj","tag-venezuela"],"_links":{"self":[{"href":"https:\/\/prensapresidencialvenezuela.gob.ve\/index.php\/wp-json\/wp\/v2\/posts\/39724","targetHints":{"allow":["GET"]}}],"collection":[{"href":"https:\/\/prensapresidencialvenezuela.gob.ve\/index.php\/wp-json\/wp\/v2\/posts"}],"about":[{"href":"https:\/\/prensapresidencialvenezuela.gob.ve\/index.php\/wp-json\/wp\/v2\/types\/post"}],"author":[{"embeddable":true,"href":"https:\/\/prensapresidencialvenezuela.gob.ve\/index.php\/wp-json\/wp\/v2\/users\/19"}],"replies":[{"embeddable":true,"href":"https:\/\/prensapresidencialvenezuela.gob.ve\/index.php\/wp-json\/wp\/v2\/comments?post=39724"}],"version-history":[{"count":1,"href":"https:\/\/prensapresidencialvenezuela.gob.ve\/index.php\/wp-json\/wp\/v2\/posts\/39724\/revisions"}],"predecessor-version":[{"id":39727,"href":"https:\/\/prensapresidencialvenezuela.gob.ve\/index.php\/wp-json\/wp\/v2\/posts\/39724\/revisions\/39727"}],"wp:featuredmedia":[{"embeddable":true,"href":"https:\/\/prensapresidencialvenezuela.gob.ve\/index.php\/wp-json\/wp\/v2\/media\/39726"}],"wp:attachment":[{"href":"https:\/\/prensapresidencialvenezuela.gob.ve\/index.php\/wp-json\/wp\/v2\/media?parent=39724"}],"wp:term":[{"taxonomy":"category","embeddable":true,"href":"https:\/\/prensapresidencialvenezuela.gob.ve\/index.php\/wp-json\/wp\/v2\/categories?post=39724"},{"taxonomy":"post_tag","embeddable":true,"href":"https:\/\/prensapresidencialvenezuela.gob.ve\/index.php\/wp-json\/wp\/v2\/tags?post=39724"}],"curies":[{"name":"wp","href":"https:\/\/api.w.org\/{rel}","templated":true}]}}