{"id":39735,"date":"2026-01-30T20:48:58","date_gmt":"2026-01-31T00:48:58","guid":{"rendered":"https:\/\/prensapresidencialvenezuela.gob.ve\/?p=39735"},"modified":"2026-01-30T21:29:47","modified_gmt":"2026-01-31T01:29:47","slug":"ejecutivo-nacional-anuncia-impulso-de-una-ley-de-amnistia-general","status":"publish","type":"post","link":"https:\/\/prensapresidencialvenezuela.gob.ve\/index.php\/2026\/01\/30\/ejecutivo-nacional-anuncia-impulso-de-una-ley-de-amnistia-general\/","title":{"rendered":"Ejecutivo Nacional anuncia impulso de una Ley de Amnist\u00eda General"},"content":{"rendered":"\n<p><strong>Caracas, Venezuela.- <\/strong>La presidenta encargada de la Rep\u00fablica Bolivariana de Venezuela, Delcy Rodr\u00edguez G\u00f3mez, anunci\u00f3 que el Gobierno Bolivariano ha decidido \u00abimpulsar una Ley de Amnist\u00eda General que cubra todo el per\u00edodo pol\u00edtico de violencia pol\u00edtica de 1999 al presente\u00bb.<\/p>\n\n\n\n<p>La informaci\u00f3n la dio a conocer este viernes durante su discurso en la Sesi\u00f3n Solemne de Apertura Judicial 2026 y presentaci\u00f3n del Informe de Gesti\u00f3n correspondiente al a\u00f1o 2025 en el Tribunal Supremo de Justicia.<\/p>\n\n\n\n<p>En este mismo orden de ideas, la Mandataria Nacional (E) encarg\u00f3 a la Comisi\u00f3n para la Revoluci\u00f3n Judicial y al Programa para la Convivencia Democr\u00e1tica y para la Paz, \u00abpara que en las pr\u00f3ximas horas, instalados en urgencia, presenten la ley ante la Asamblea Nacional\u00bb y pidi\u00f3, nuevamente, la m\u00e1xima colaboraci\u00f3n del Cuerpo Legislativo de Venezuela, al respecto.<\/p>\n\n\n\n<p>\u00abQue sea una ley que sirva para reparar las heridas que ha dejado la confrontaci\u00f3n pol\u00edtica, desde la violencia, desde el extremismo. Que sirva para reencauzar la justicia en nuestro pa\u00eds y que sirva para reencauzar la convivencia entre los venezolanos y las venezolanas\u00bb, explic\u00f3 con especial ah\u00ednco.<\/p>\n\n\n\n<p><strong>A los privados de libertad y excarcelados<\/strong><\/p>\n\n\n\n<p>La Presidenta Encargada pidi\u00f3 a quienes han sido beneficiados por medidas y excarcelados, en nombre de los venezolanos y de las venezolanas, \u00abque no se imponga la venganza, la revancha ni el odio\u00bb.<\/p>\n\n\n\n<p>Rodr\u00edguez G\u00f3mez consider\u00f3 que esta medida es una oportunidad para vivir en paz y en tranquilidad en Venezuela. \u00abCon diferencias que las hay. Desde la diversidad y la pluralidad que existe, podamos coexistir con respeto y por encima de todas las cosas, con respeto a la ley y a la justicia en Venezuela\u00bb, expres\u00f3 firmemente.<\/p>\n\n\n\n<p>Como cierre a este anuncio, la Presidenta Encargada precis\u00f3 que quedar\u00e1n exceptuados de esta ley aquellos procesados o condenados por homicidio, por tr\u00e1fico de drogas, por corrupci\u00f3n y por violaciones graves a los derechos humanos, tal como lo contempla la Constituci\u00f3n Bolivariana de Venezuela.<\/p>\n\n\n\n<p><strong>Prensa Presidencial\/ Claudia Guerra M\u00e9ndez<\/strong><\/p>\n","protected":false},"excerpt":{"rendered":"<p>Caracas, Venezuela.- La presidenta encargada de la Rep\u00fablica Bolivariana de Venezuela, Delcy Rodr\u00edguez G\u00f3mez, anunci\u00f3 que el Gobierno Bolivariano ha decidido \u00abimpulsar una Ley de Amnist\u00eda General que cubra todo el per\u00edodo pol\u00edtico de violencia pol\u00edtica de 1999 al presente\u00bb. La informaci\u00f3n la dio a conocer este viernes durante su discurso en la Sesi\u00f3n Solemne [&hellip;]<\/p>\n","protected":false},"author":18,"featured_media":39767,"comment_status":"open","ping_status":"open","sticky":false,"template":"","format":"standard","meta":{"footnotes":""},"categories":[18,7],"tags":[1891,27,20],"class_list":["post-39735","post","type-post","status-publish","format-standard","has-post-thumbnail","hentry","category-noticias-principales","category-notas-de-prensa","tag-presidenta-encargada-delcy-rodriguez","tag-revolucion-bolivariana","tag-venezuela"],"_links":{"self":[{"href":"https:\/\/prensapresidencialvenezuela.gob.ve\/index.php\/wp-json\/wp\/v2\/posts\/39735","targetHints":{"allow":["GET"]}}],"collection":[{"href":"https:\/\/prensapresidencialvenezuela.gob.ve\/index.php\/wp-json\/wp\/v2\/posts"}],"about":[{"href":"https:\/\/prensapresidencialvenezuela.gob.ve\/index.php\/wp-json\/wp\/v2\/types\/post"}],"author":[{"embeddable":true,"href":"https:\/\/prensapresidencialvenezuela.gob.ve\/index.php\/wp-json\/wp\/v2\/users\/18"}],"replies":[{"embeddable":true,"href":"https:\/\/prensapresidencialvenezuela.gob.ve\/index.php\/wp-json\/wp\/v2\/comments?post=39735"}],"version-history":[{"count":1,"href":"https:\/\/prensapresidencialvenezuela.gob.ve\/index.php\/wp-json\/wp\/v2\/posts\/39735\/revisions"}],"predecessor-version":[{"id":39737,"href":"https:\/\/prensapresidencialvenezuela.gob.ve\/index.php\/wp-json\/wp\/v2\/posts\/39735\/revisions\/39737"}],"wp:featuredmedia":[{"embeddable":true,"href":"https:\/\/prensapresidencialvenezuela.gob.ve\/index.php\/wp-json\/wp\/v2\/media\/39767"}],"wp:attachment":[{"href":"https:\/\/prensapresidencialvenezuela.gob.ve\/index.php\/wp-json\/wp\/v2\/media?parent=39735"}],"wp:term":[{"taxonomy":"category","embeddable":true,"href":"https:\/\/prensapresidencialvenezuela.gob.ve\/index.php\/wp-json\/wp\/v2\/categories?post=39735"},{"taxonomy":"post_tag","embeddable":true,"href":"https:\/\/prensapresidencialvenezuela.gob.ve\/index.php\/wp-json\/wp\/v2\/tags?post=39735"}],"curies":[{"name":"wp","href":"https:\/\/api.w.org\/{rel}","templated":true}]}}