{"id":39742,"date":"2026-01-30T19:55:00","date_gmt":"2026-01-30T23:55:00","guid":{"rendered":"https:\/\/prensapresidencialvenezuela.gob.ve\/?p=39742"},"modified":"2026-01-30T20:13:27","modified_gmt":"2026-01-31T00:13:27","slug":"delcy-rodriguez-el-tsj-se-puso-al-frente-el-3-de-enero-para-preservar-la-legalidad-y-la-constitucion","status":"publish","type":"post","link":"https:\/\/prensapresidencialvenezuela.gob.ve\/index.php\/2026\/01\/30\/delcy-rodriguez-el-tsj-se-puso-al-frente-el-3-de-enero-para-preservar-la-legalidad-y-la-constitucion\/","title":{"rendered":"Delcy Rodr\u00edguez: \u00abEl TSJ se puso al frente el 3 de enero para preservar la legalidad y la Constituci\u00f3n\u00bb"},"content":{"rendered":"\n<p>Caracas, Venezuela.- Durante la Sesi\u00f3n Solemne de Apertura de Actividades Judiciales 2026, la presidenta encargada de la Rep\u00fablica, Delcy Rodr\u00edguez, ofreci\u00f3 un contundente discurso en el que destac\u00f3 la fortaleza de las instituciones venezolanas frente a las recientes agresiones externas.<\/p>\n\n\n\n<p>Rodr\u00edguez subray\u00f3 que, ante la crisis derivada de la madrugada del 3 de enero, el Poder Judicial actu\u00f3 como un baluarte de resistencia: \u00abEl TSJ se puso al frente el 3 de enero inmediatamente para preservar la legalidad institucional y constitucional de Venezuela\u00bb, afirm\u00f3 ante los magistrados y el cuerpo diplom\u00e1tico presente.<\/p>\n\n\n\n<p>Calific\u00f3 los eventos de principios de a\u00f1o, que incluyeron la agresi\u00f3n militar, como una violaci\u00f3n flagrante al derecho internacional que refleja un mundo con \u00abcada d\u00eda menos derechos\u00bb. En este contexto, exalt\u00f3 la labor de los jueces y juezas, se\u00f1alando que han dado una muestra de valent\u00eda al garantizar la continuidad administrativa del Estado y proteger la soberan\u00eda nacional frente a expresiones de violencia extremista.<\/p>\n\n\n\n<p>Rodr\u00edguez, aprovech\u00f3 la ocasi\u00f3n, para realizar un reconocimiento a los m\u00e1rtires del 3 de enero y rendirles un tributo a quienes cayeron en defensa de la Naci\u00f3n: \u00abHonor y gloria a nuestros combatientes que esa madrugada dieron un combate extraordinario frente a la superioridad de armamento y tecnolog\u00eda\u00bb.<\/p>\n\n\n\n<p>Expres\u00f3 que tanto venezolanos como cubanos lucharon como ciudadanos de la Patria Grande en defensa del gentilicio del Libertador Sim\u00f3n Bol\u00edvar y Jos\u00e9 Mart\u00ed.<\/p>\n\n\n\n<p>Asimismo, la presidenta encargada vincul\u00f3 su compromiso personal con la justicia a su historia familiar y formaci\u00f3n acad\u00e9mica, recordando su ingreso a la Facultad de Derecho de la UCV hace 39 a\u00f1os tras el asesinato de su padre, Jorge Antonio Rodr\u00edguez.<\/p>\n\n\n\n<p>Reiter\u00f3 que su presencia en el estrado no es solo como autoridad, sino como una abogada que cree firmemente en el derecho como herramienta para atender a los m\u00e1s vulnerables y equilibrar las injusticias globales.<\/p>\n\n\n\n<p>Prensa Presidencial \/ Iliana Rosales<\/p>\n","protected":false},"excerpt":{"rendered":"<p>Caracas, Venezuela.- Durante la Sesi\u00f3n Solemne de Apertura de Actividades Judiciales 2026, la presidenta encargada de la Rep\u00fablica, Delcy Rodr\u00edguez, ofreci\u00f3 un contundente discurso en el que destac\u00f3 la fortaleza de las instituciones venezolanas frente a las recientes agresiones externas. Rodr\u00edguez subray\u00f3 que, ante la crisis derivada de la madrugada del 3 de enero, el [&hellip;]<\/p>\n","protected":false},"author":19,"featured_media":39743,"comment_status":"open","ping_status":"open","sticky":false,"template":"","format":"standard","meta":{"footnotes":""},"categories":[18,7],"tags":[122,20],"class_list":["post-39742","post","type-post","status-publish","format-standard","has-post-thumbnail","hentry","category-noticias-principales","category-notas-de-prensa","tag-delcy-rodriguez","tag-venezuela"],"_links":{"self":[{"href":"https:\/\/prensapresidencialvenezuela.gob.ve\/index.php\/wp-json\/wp\/v2\/posts\/39742","targetHints":{"allow":["GET"]}}],"collection":[{"href":"https:\/\/prensapresidencialvenezuela.gob.ve\/index.php\/wp-json\/wp\/v2\/posts"}],"about":[{"href":"https:\/\/prensapresidencialvenezuela.gob.ve\/index.php\/wp-json\/wp\/v2\/types\/post"}],"author":[{"embeddable":true,"href":"https:\/\/prensapresidencialvenezuela.gob.ve\/index.php\/wp-json\/wp\/v2\/users\/19"}],"replies":[{"embeddable":true,"href":"https:\/\/prensapresidencialvenezuela.gob.ve\/index.php\/wp-json\/wp\/v2\/comments?post=39742"}],"version-history":[{"count":1,"href":"https:\/\/prensapresidencialvenezuela.gob.ve\/index.php\/wp-json\/wp\/v2\/posts\/39742\/revisions"}],"predecessor-version":[{"id":39744,"href":"https:\/\/prensapresidencialvenezuela.gob.ve\/index.php\/wp-json\/wp\/v2\/posts\/39742\/revisions\/39744"}],"wp:featuredmedia":[{"embeddable":true,"href":"https:\/\/prensapresidencialvenezuela.gob.ve\/index.php\/wp-json\/wp\/v2\/media\/39743"}],"wp:attachment":[{"href":"https:\/\/prensapresidencialvenezuela.gob.ve\/index.php\/wp-json\/wp\/v2\/media?parent=39742"}],"wp:term":[{"taxonomy":"category","embeddable":true,"href":"https:\/\/prensapresidencialvenezuela.gob.ve\/index.php\/wp-json\/wp\/v2\/categories?post=39742"},{"taxonomy":"post_tag","embeddable":true,"href":"https:\/\/prensapresidencialvenezuela.gob.ve\/index.php\/wp-json\/wp\/v2\/tags?post=39742"}],"curies":[{"name":"wp","href":"https:\/\/api.w.org\/{rel}","templated":true}]}}