{"id":39745,"date":"2026-01-30T20:46:00","date_gmt":"2026-01-31T00:46:00","guid":{"rendered":"https:\/\/prensapresidencialvenezuela.gob.ve\/?p=39745"},"modified":"2026-01-30T20:55:03","modified_gmt":"2026-01-31T00:55:03","slug":"delcy-rodriguez-convoca-a-gran-consulta-nacional-por-un-nuevo-sistema-de-justicia","status":"publish","type":"post","link":"https:\/\/prensapresidencialvenezuela.gob.ve\/index.php\/2026\/01\/30\/delcy-rodriguez-convoca-a-gran-consulta-nacional-por-un-nuevo-sistema-de-justicia\/","title":{"rendered":"Presidenta Encargada convoca a Gran Consulta Nacional por un Nuevo Sistema de Justicia"},"content":{"rendered":"\n<p>Caracas, Venezuela.- La presidenta encargada de la Rep\u00fablica, Delcy Rodr\u00edguez, anunci\u00f3 la convocatoria a una Gran Consulta Nacional por un Nuevo Sistema de Justicia, con el objetivo de transformar el abordaje penal y social en el pa\u00eds.<\/p>\n\n\n\n<p>Esta iniciativa estar\u00e1 bajo la responsabilidad de la Comisi\u00f3n de la Revoluci\u00f3n por la Justicia, presidida por el vicepresidente sectorial de Pol\u00edtica, Seguridad Ciudadana y Paz, Diosdado Cabello, junto al Programa de Convivencia Democr\u00e1tica y la Paz.<\/p>\n\n\n\n<p>Durante su intervenci\u00f3n, enfatiz\u00f3 la necesidad de reformular el enfoque punitivo actual: \u201cPido tambi\u00e9n medidas alternativas al castigo y a la punici\u00f3n para nuestros privados de libertad en el marco de una categorizaci\u00f3n de los delitos\u201d. Al respecto, detall\u00f3 que ha mantenido conversaciones con el Fiscal General, Tarek William Saab, para avanzar en la aplicaci\u00f3n de justicia bajo modalidades que no dependan exclusivamente del encarcelamiento.<\/p>\n\n\n\n<p>Como parte de su discurso en la sesi\u00f3n solemne de apertura de actividades judiciales 2026, present\u00f3 cifras sobre la situaci\u00f3n carcelaria, destacando que el 81.59% de los internos son primerizos (poblaci\u00f3n que por primera vez son privados de libertad por la comisi\u00f3n de un delito) y el 63.51% solo posee educaci\u00f3n b\u00e1sica.<\/p>\n\n\n\n<p>Ante este panorama, solicit\u00f3 una mayor presencia del Estado en \u00e1reas cr\u00edticas: \u201cYo les pido que el Estado venezolano tenga intervenci\u00f3n social y econ\u00f3mica para la prevenci\u00f3n del delito\u2026 pido m\u00e1s intervenci\u00f3n social en salud, en educaci\u00f3n, en los sectores m\u00e1s vulnerables de la poblaci\u00f3n venezolana\u201d.<\/p>\n\n\n\n<p>Sobre el funcionamiento del sistema actual, Rodr\u00edguez se\u00f1al\u00f3 que el 75.55% de los condenados admitieron los hechos cometidos. Explic\u00f3 que, en el contexto actual, esta acci\u00f3n se ha convertido en una v\u00eda para agilizar los procesos judiciales: \u201cAnte el retardo procesal y los costos del proceso, la soluci\u00f3n es admitir los hechos para cortar tiempo de privaci\u00f3n de libertad\u201d, puntualiz\u00f3.<\/p>\n\n\n\n<p>Finalmente, la alta funcionaria reiter\u00f3 el llamado a la colaboraci\u00f3n de todos los sectores para el desarrollo de la consulta nacional, insistiendo en la creaci\u00f3n de programas claros sobre prevenci\u00f3n de la violencia en las comunidades m\u00e1s necesitadas.<\/p>\n\n\n\n<p><br><strong>Extinci\u00f3n del retardo y corrupci\u00f3n judicial<\/strong><\/p>\n\n\n\n<p>La presidenta encargada Rodr\u00edguez G\u00f3mez explic\u00f3 que el nuevo sistema de justicia tiene el gran desaf\u00edo de \u00ablo que es el acceso a la justicia, el retardo judicial y la corrupci\u00f3n judicial, que la hay, y la estamos persiguiendo y castigando\u00bb.<\/p>\n\n\n\n<p>\u00abPor eso es tan necesaria la consulta, una granconsulta en el pa\u00eds sobre la justicia y que incorpore las formas alternativas para la justicia penal y que integre otras formas de justicia para los otros \u00e1mbitos y competencias de la actividad jurisdiccional en nuestro pa\u00eds, en el \u00e1mbito civil, mercantil, comercial, social\u00bb, explic\u00f3 con especial importancia.<br><\/p>\n\n\n\n<p><strong>Prensa Presidencial\/ Iliana Rosales \/ Claudia Guerra<\/strong><\/p>\n","protected":false},"excerpt":{"rendered":"<p>Caracas, Venezuela.- La presidenta encargada de la Rep\u00fablica, Delcy Rodr\u00edguez, anunci\u00f3 la convocatoria a una Gran Consulta Nacional por un Nuevo Sistema de Justicia, con el objetivo de transformar el abordaje penal y social en el pa\u00eds. Esta iniciativa estar\u00e1 bajo la responsabilidad de la Comisi\u00f3n de la Revoluci\u00f3n por la Justicia, presidida por el [&hellip;]<\/p>\n","protected":false},"author":19,"featured_media":39747,"comment_status":"open","ping_status":"open","sticky":false,"template":"","format":"standard","meta":{"footnotes":""},"categories":[18,7],"tags":[122,20],"class_list":["post-39745","post","type-post","status-publish","format-standard","has-post-thumbnail","hentry","category-noticias-principales","category-notas-de-prensa","tag-delcy-rodriguez","tag-venezuela"],"_links":{"self":[{"href":"https:\/\/prensapresidencialvenezuela.gob.ve\/index.php\/wp-json\/wp\/v2\/posts\/39745","targetHints":{"allow":["GET"]}}],"collection":[{"href":"https:\/\/prensapresidencialvenezuela.gob.ve\/index.php\/wp-json\/wp\/v2\/posts"}],"about":[{"href":"https:\/\/prensapresidencialvenezuela.gob.ve\/index.php\/wp-json\/wp\/v2\/types\/post"}],"author":[{"embeddable":true,"href":"https:\/\/prensapresidencialvenezuela.gob.ve\/index.php\/wp-json\/wp\/v2\/users\/19"}],"replies":[{"embeddable":true,"href":"https:\/\/prensapresidencialvenezuela.gob.ve\/index.php\/wp-json\/wp\/v2\/comments?post=39745"}],"version-history":[{"count":3,"href":"https:\/\/prensapresidencialvenezuela.gob.ve\/index.php\/wp-json\/wp\/v2\/posts\/39745\/revisions"}],"predecessor-version":[{"id":39765,"href":"https:\/\/prensapresidencialvenezuela.gob.ve\/index.php\/wp-json\/wp\/v2\/posts\/39745\/revisions\/39765"}],"wp:featuredmedia":[{"embeddable":true,"href":"https:\/\/prensapresidencialvenezuela.gob.ve\/index.php\/wp-json\/wp\/v2\/media\/39747"}],"wp:attachment":[{"href":"https:\/\/prensapresidencialvenezuela.gob.ve\/index.php\/wp-json\/wp\/v2\/media?parent=39745"}],"wp:term":[{"taxonomy":"category","embeddable":true,"href":"https:\/\/prensapresidencialvenezuela.gob.ve\/index.php\/wp-json\/wp\/v2\/categories?post=39745"},{"taxonomy":"post_tag","embeddable":true,"href":"https:\/\/prensapresidencialvenezuela.gob.ve\/index.php\/wp-json\/wp\/v2\/tags?post=39745"}],"curies":[{"name":"wp","href":"https:\/\/api.w.org\/{rel}","templated":true}]}}