{"id":39751,"date":"2026-01-30T19:18:00","date_gmt":"2026-01-30T23:18:00","guid":{"rendered":"https:\/\/prensapresidencialvenezuela.gob.ve\/?p=39751"},"modified":"2026-01-30T21:14:09","modified_gmt":"2026-01-31T01:14:09","slug":"helicoide-se-convertira-en-un-centro-social-y-recreativo-para-la-familia-policial","status":"publish","type":"post","link":"https:\/\/prensapresidencialvenezuela.gob.ve\/index.php\/2026\/01\/30\/helicoide-se-convertira-en-un-centro-social-y-recreativo-para-la-familia-policial\/","title":{"rendered":"Helicoide se convertir\u00e1 en un centro social y recreativo para la familia policial"},"content":{"rendered":"\n<p>Caracas, Venezuela.-La presidenta encargada de la Rep\u00fablica Bolivariana de Venezuela, Delcy Rodr\u00edguez, anunci\u00f3 ante el pa\u00eds que El Helicoide ser\u00e1 convertido en un centro de atenci\u00f3n social y de recreaci\u00f3n para la familia policial y las comunidades aleda\u00f1as.<\/p>\n\n\n\n<p>Durante su participaci\u00f3n en la sesi\u00f3n solemne de apertura de actividades judiciales 2026, expres\u00f3: \u201cEn el marco del relanzamiento de la Gran Misi\u00f3n Guardianes de la Patria, que contempla programas de atenci\u00f3n socioecon\u00f3mica para nuestros funcionarios policiales, hemos decidido que las instalaciones del Helicoide, que hoy sirven como centro de atenci\u00f3n, se conviertan en un centro social, deportivo, cultural y comercial\u201d.<\/p>\n\n\n\n<p>Refiri\u00f3 que este nuevo centro ser\u00e1 para el beneficio de la poblaci\u00f3n circundante al recinto, as\u00ed como tambi\u00e9n para el bienestar de la familia policial.<\/p>\n\n\n\n<p><strong>Prensa Presidencial \/ Iliana Rosales<\/strong><\/p>\n\n\n\n<p><\/p>\n","protected":false},"excerpt":{"rendered":"<p>Caracas, Venezuela.-La presidenta encargada de la Rep\u00fablica Bolivariana de Venezuela, Delcy Rodr\u00edguez, anunci\u00f3 ante el pa\u00eds que El Helicoide ser\u00e1 convertido en un centro de atenci\u00f3n social y de recreaci\u00f3n para la familia policial y las comunidades aleda\u00f1as. Durante su participaci\u00f3n en la sesi\u00f3n solemne de apertura de actividades judiciales 2026, expres\u00f3: \u201cEn el marco [&hellip;]<\/p>\n","protected":false},"author":19,"featured_media":39753,"comment_status":"open","ping_status":"open","sticky":false,"template":"","format":"standard","meta":{"footnotes":""},"categories":[18,7],"tags":[122,20],"class_list":["post-39751","post","type-post","status-publish","format-standard","has-post-thumbnail","hentry","category-noticias-principales","category-notas-de-prensa","tag-delcy-rodriguez","tag-venezuela"],"_links":{"self":[{"href":"https:\/\/prensapresidencialvenezuela.gob.ve\/index.php\/wp-json\/wp\/v2\/posts\/39751","targetHints":{"allow":["GET"]}}],"collection":[{"href":"https:\/\/prensapresidencialvenezuela.gob.ve\/index.php\/wp-json\/wp\/v2\/posts"}],"about":[{"href":"https:\/\/prensapresidencialvenezuela.gob.ve\/index.php\/wp-json\/wp\/v2\/types\/post"}],"author":[{"embeddable":true,"href":"https:\/\/prensapresidencialvenezuela.gob.ve\/index.php\/wp-json\/wp\/v2\/users\/19"}],"replies":[{"embeddable":true,"href":"https:\/\/prensapresidencialvenezuela.gob.ve\/index.php\/wp-json\/wp\/v2\/comments?post=39751"}],"version-history":[{"count":2,"href":"https:\/\/prensapresidencialvenezuela.gob.ve\/index.php\/wp-json\/wp\/v2\/posts\/39751\/revisions"}],"predecessor-version":[{"id":39754,"href":"https:\/\/prensapresidencialvenezuela.gob.ve\/index.php\/wp-json\/wp\/v2\/posts\/39751\/revisions\/39754"}],"wp:featuredmedia":[{"embeddable":true,"href":"https:\/\/prensapresidencialvenezuela.gob.ve\/index.php\/wp-json\/wp\/v2\/media\/39753"}],"wp:attachment":[{"href":"https:\/\/prensapresidencialvenezuela.gob.ve\/index.php\/wp-json\/wp\/v2\/media?parent=39751"}],"wp:term":[{"taxonomy":"category","embeddable":true,"href":"https:\/\/prensapresidencialvenezuela.gob.ve\/index.php\/wp-json\/wp\/v2\/categories?post=39751"},{"taxonomy":"post_tag","embeddable":true,"href":"https:\/\/prensapresidencialvenezuela.gob.ve\/index.php\/wp-json\/wp\/v2\/tags?post=39751"}],"curies":[{"name":"wp","href":"https:\/\/api.w.org\/{rel}","templated":true}]}}