{"id":39792,"date":"2026-01-31T20:08:56","date_gmt":"2026-02-01T00:08:56","guid":{"rendered":"https:\/\/prensapresidencialvenezuela.gob.ve\/?p=39792"},"modified":"2026-01-31T20:30:53","modified_gmt":"2026-02-01T00:30:53","slug":"presidenta-encargada-inspecciona-instalaciones-del-aeropuerto-internacional-de-maiquetia-simon-bolivar","status":"publish","type":"post","link":"https:\/\/prensapresidencialvenezuela.gob.ve\/index.php\/2026\/01\/31\/presidenta-encargada-inspecciona-instalaciones-del-aeropuerto-internacional-de-maiquetia-simon-bolivar\/","title":{"rendered":"Presidenta Encargada inspecciona instalaciones del Aeropuerto Internacional \u00abSim\u00f3n Bol\u00edvar\u00bb de Maiquet\u00eda"},"content":{"rendered":"\n<p><strong>Maiquet\u00eda, estado La Guaira.\u2013 <\/strong>Este s\u00e1bado, la presidenta encargada de la Rep\u00fablica Bolivariana de Venezuela, Delcy Rodr\u00edguez, realiz\u00f3 un recorrido en diferentes \u00e1reas del Aeropuerto Internacional \u00abSim\u00f3n Bol\u00edvar\u00bb de Maiquet\u00eda , ubicado en el estado La Guaira; para evaluar los avances de las obras que se llevan adelante en la principal terminal a\u00e9rea del pa\u00eds y fortalecer a\u00fan m\u00e1s el Motor Transporte.<\/p>\n\n\n\n<figure class=\"wp-block-image size-large\"><img fetchpriority=\"high\" decoding=\"async\" width=\"1024\" height=\"994\" src=\"https:\/\/prensapresidencialvenezuela.gob.ve\/wp-content\/uploads\/2026\/01\/06_ZC_L9032_P-1024x994.jpg\" alt=\"\" class=\"wp-image-39807\" srcset=\"https:\/\/prensapresidencialvenezuela.gob.ve\/wp-content\/uploads\/2026\/01\/06_ZC_L9032_P-1024x994.jpg 1024w, https:\/\/prensapresidencialvenezuela.gob.ve\/wp-content\/uploads\/2026\/01\/06_ZC_L9032_P-300x291.jpg 300w, https:\/\/prensapresidencialvenezuela.gob.ve\/wp-content\/uploads\/2026\/01\/06_ZC_L9032_P-768x746.jpg 768w, https:\/\/prensapresidencialvenezuela.gob.ve\/wp-content\/uploads\/2026\/01\/06_ZC_L9032_P-1536x1492.jpg 1536w, https:\/\/prensapresidencialvenezuela.gob.ve\/wp-content\/uploads\/2026\/01\/06_ZC_L9032_P-2048x1989.jpg 2048w\" sizes=\"(max-width: 1024px) 100vw, 1024px\" \/><\/figure>\n\n\n\n<p>Esta inspecci\u00f3n la realiz\u00f3 en compa\u00f1\u00eda del ministro del Poder Popular para el Transporte, Vicealmirante An\u00edbal Coronado, el Capit\u00e1n Juan Francisco Escalona, ministro del Poder Popular para el Despacho de la Presidencia y Seguimiento de la Gesti\u00f3n de Gobierno, el ministro del Poder Popular para la Comunicaci\u00f3n e Informaci\u00f3n, Miguel P\u00e9rez Pirela, adem\u00e1s de los trabajadores presentes del aeropuerto, entre otras autoridades; con el fin de verificar cada uno de los trabajos que se han ejecutado dentro de las instalaciones del Aeropuerto Internacional \u00abSim\u00f3n Bol\u00edvar\u00bb de Maiquet\u00eda, en las pistas de aterrizaje y en sus inmediaciones.<\/p>\n\n\n\n<p>Vale acotar, que en d\u00edas pasados la Dra. Delcy Rodr\u00edguez inform\u00f3 a la Naci\u00f3n que mediante una conversaci\u00f3n telef\u00f3nica que sostuvo con el presidente de los Estados Unidos (EE. UU), Donald Trump, y de su secretario de Estado, Marco Rubio, se convers\u00f3 sobre el cese de las restricciones en el espacio a\u00e9reo comercial de Venezuela, que permitir\u00eda el ingreso de nuevas l\u00edneas a\u00e9reas a cielo venezolano. <\/p>\n\n\n\n<p>Asimismo, subray\u00f3 que este di\u00e1logo se ha realizado en el marco de la agenda de trabajo que han mantenido con el gobierno norteamericano, enmarcado en la Diplomacia de Paz, que abrir\u00e1 paso a una nueva etapa de intercambio y estabilidad en las operaciones aeron\u00e1uticas internacionales. <\/p>\n\n\n\n<p>Los logros obtenidos en estas semanas forman parte de un plan estrat\u00e9gico que fue dise\u00f1ado previamente por el presidente Nicol\u00e1s Maduro y al actual avance en las relaciones diplom\u00e1ticas que ha establecido la Mandataria venezolana encargada con el gobierno norteamericano. <\/p>\n\n\n\n<p>En este sentido, es importante resaltar que esta medida que se ha ejercido a trav\u00e9s del di\u00e1logo diplom\u00e1tico, que reafirma el entendimiento mutuo que se est\u00e1 gestando, y que no solo beneficiar\u00e1 los ciudadanos venezolanos y estadounidenses, sino a todas las personas que quieran viajar a Venezuela, permitiendo as\u00ed, el traslado de manera directa y segura. <\/p>\n\n\n\n<p><strong>Crecimiento e impulso del Motor Transporte<\/strong> <\/p>\n\n\n\n<p>En este sentido, es importante mencionar que durante el recorrido se pudo apreciar las m\u00e1s amplias capacidades operativas, las obras de envergadura que van direccionadas a potenciar el servicio a\u00e9reo en el pa\u00eds, y que tambi\u00e9n han sido desarrolladas por el Gobierno Bolivariano como plataformas de auge para nuevas inversiones nacionales e internacionales. <\/p>\n\n\n\n<p>Estos avances se establecieron bajo la coordinaci\u00f3n del Ministerio del Poder Popular para el Transporte, con el objetivo de desarrollar un plan de modernizaci\u00f3n orientado a ofrecer un servicio de excelencia a los viajeros y elevar los est\u00e1ndares de calidad del principal terminal a\u00e9reo del pa\u00eds. <\/p>\n\n\n\n<p><strong>Plan de modernizaci\u00f3n del servicio de transporte a\u00e9reo e impulso tur\u00edstico <\/strong><\/p>\n\n\n\n<p>Estas obras no solo ser\u00e1n gran impacto positivo para potenciar el sector transporte, sino el Motor Turismo; y de esta manera promover el turismo receptivo, que este 2025 cerr\u00f3 con un crecimiento de m\u00e1s del 70% en comparaci\u00f3n al a\u00f1o 2024. <\/p>\n\n\n\n<figure class=\"wp-block-image size-large\"><img decoding=\"async\" width=\"1024\" height=\"683\" src=\"https:\/\/prensapresidencialvenezuela.gob.ve\/wp-content\/uploads\/2026\/01\/17_ZC__9655_P-1024x683.jpg\" alt=\"\" class=\"wp-image-39809\" srcset=\"https:\/\/prensapresidencialvenezuela.gob.ve\/wp-content\/uploads\/2026\/01\/17_ZC__9655_P-1024x683.jpg 1024w, https:\/\/prensapresidencialvenezuela.gob.ve\/wp-content\/uploads\/2026\/01\/17_ZC__9655_P-300x200.jpg 300w, https:\/\/prensapresidencialvenezuela.gob.ve\/wp-content\/uploads\/2026\/01\/17_ZC__9655_P-768x512.jpg 768w, https:\/\/prensapresidencialvenezuela.gob.ve\/wp-content\/uploads\/2026\/01\/17_ZC__9655_P-1536x1025.jpg 1536w, https:\/\/prensapresidencialvenezuela.gob.ve\/wp-content\/uploads\/2026\/01\/17_ZC__9655_P-2048x1366.jpg 2048w\" sizes=\"(max-width: 1024px) 100vw, 1024px\" \/><\/figure>\n\n\n\n<p>Por otra parte, estos trabajos efectuados por el Gobierno venezolano han consistido en la construcci\u00f3n de la pista m\u00e1s grande del pa\u00eds, con capacidad para el aterrizaje de aeronaves de cuerpo ancho. Esto significa un amplio salto cualitativo en los niveles de modernizaci\u00f3n de las diferentes m\u00e1quinas que se encuentran instaladas en el aeropuerto para seguridad y control; adem\u00e1s de tr\u00e1nsito al modelo de comercializaci\u00f3n que permitir\u00e1 la expansi\u00f3n de las fuerzas productivas, as\u00ed como de ingresos de divisas a la Naci\u00f3n, y con ello una ancha experiencia tur\u00edstica. <\/p>\n\n\n\n<figure class=\"wp-block-image size-large\"><img decoding=\"async\" width=\"1024\" height=\"683\" src=\"https:\/\/prensapresidencialvenezuela.gob.ve\/wp-content\/uploads\/2026\/01\/03_JZ_L0581_P-1024x683.jpg\" alt=\"\" class=\"wp-image-39810\" srcset=\"https:\/\/prensapresidencialvenezuela.gob.ve\/wp-content\/uploads\/2026\/01\/03_JZ_L0581_P-1024x683.jpg 1024w, https:\/\/prensapresidencialvenezuela.gob.ve\/wp-content\/uploads\/2026\/01\/03_JZ_L0581_P-300x200.jpg 300w, https:\/\/prensapresidencialvenezuela.gob.ve\/wp-content\/uploads\/2026\/01\/03_JZ_L0581_P-768x512.jpg 768w, https:\/\/prensapresidencialvenezuela.gob.ve\/wp-content\/uploads\/2026\/01\/03_JZ_L0581_P-1536x1024.jpg 1536w, https:\/\/prensapresidencialvenezuela.gob.ve\/wp-content\/uploads\/2026\/01\/03_JZ_L0581_P-2048x1366.jpg 2048w\" sizes=\"(max-width: 1024px) 100vw, 1024px\" \/><\/figure>\n\n\n\n<p>En cuanto a la amplia red comercial y hotelera del lugar, es relevante destacar que el Aeropuerto Internacional \u00abSim\u00f3n Bol\u00edvar\u00bb  est\u00e1 conectado con el <strong><em>Hotel Gran Cacique Maiquet\u00eda<\/em><\/strong>, que est\u00e1 dentro de sus instalaciones, y fue recientemente inaugurado por el presidente Nicol\u00e1s Maduro, y que ofrece grandes ventajas para la recreaci\u00f3n, el esparcimiento y para el turismo local.<\/p>\n\n\n\n<p><strong>Prensa Presidencial\/ Irmary D\u00edaz<\/strong><\/p>\n\n\n\n<p><\/p>\n","protected":false},"excerpt":{"rendered":"<p>Maiquet\u00eda, estado La Guaira.\u2013 Este s\u00e1bado, la presidenta encargada de la Rep\u00fablica Bolivariana de Venezuela, Delcy Rodr\u00edguez, realiz\u00f3 un recorrido en diferentes \u00e1reas del Aeropuerto Internacional \u00abSim\u00f3n Bol\u00edvar\u00bb de Maiquet\u00eda , ubicado en el estado La Guaira; para evaluar los avances de las obras que se llevan adelante en la principal terminal a\u00e9rea del pa\u00eds [&hellip;]<\/p>\n","protected":false},"author":15,"featured_media":39806,"comment_status":"open","ping_status":"open","sticky":false,"template":"","format":"standard","meta":{"footnotes":""},"categories":[18,7],"tags":[],"class_list":["post-39792","post","type-post","status-publish","format-standard","has-post-thumbnail","hentry","category-noticias-principales","category-notas-de-prensa"],"_links":{"self":[{"href":"https:\/\/prensapresidencialvenezuela.gob.ve\/index.php\/wp-json\/wp\/v2\/posts\/39792","targetHints":{"allow":["GET"]}}],"collection":[{"href":"https:\/\/prensapresidencialvenezuela.gob.ve\/index.php\/wp-json\/wp\/v2\/posts"}],"about":[{"href":"https:\/\/prensapresidencialvenezuela.gob.ve\/index.php\/wp-json\/wp\/v2\/types\/post"}],"author":[{"embeddable":true,"href":"https:\/\/prensapresidencialvenezuela.gob.ve\/index.php\/wp-json\/wp\/v2\/users\/15"}],"replies":[{"embeddable":true,"href":"https:\/\/prensapresidencialvenezuela.gob.ve\/index.php\/wp-json\/wp\/v2\/comments?post=39792"}],"version-history":[{"count":10,"href":"https:\/\/prensapresidencialvenezuela.gob.ve\/index.php\/wp-json\/wp\/v2\/posts\/39792\/revisions"}],"predecessor-version":[{"id":39836,"href":"https:\/\/prensapresidencialvenezuela.gob.ve\/index.php\/wp-json\/wp\/v2\/posts\/39792\/revisions\/39836"}],"wp:featuredmedia":[{"embeddable":true,"href":"https:\/\/prensapresidencialvenezuela.gob.ve\/index.php\/wp-json\/wp\/v2\/media\/39806"}],"wp:attachment":[{"href":"https:\/\/prensapresidencialvenezuela.gob.ve\/index.php\/wp-json\/wp\/v2\/media?parent=39792"}],"wp:term":[{"taxonomy":"category","embeddable":true,"href":"https:\/\/prensapresidencialvenezuela.gob.ve\/index.php\/wp-json\/wp\/v2\/categories?post=39792"},{"taxonomy":"post_tag","embeddable":true,"href":"https:\/\/prensapresidencialvenezuela.gob.ve\/index.php\/wp-json\/wp\/v2\/tags?post=39792"}],"curies":[{"name":"wp","href":"https:\/\/api.w.org\/{rel}","templated":true}]}}