{"id":3984,"date":"2022-11-08T14:10:00","date_gmt":"2022-11-08T14:10:00","guid":{"rendered":"http:\/\/172.27.0.121\/?p=3984"},"modified":"2022-11-09T18:26:36","modified_gmt":"2022-11-09T18:26:36","slug":"presidente-maduro-considera-necesario-reactivar-la-organizacion-del-tratado-de-cooperacion-amazonica","status":"publish","type":"post","link":"https:\/\/prensapresidencialvenezuela.gob.ve\/index.php\/2022\/11\/08\/presidente-maduro-considera-necesario-reactivar-la-organizacion-del-tratado-de-cooperacion-amazonica\/","title":{"rendered":"Presidente Maduro considera necesario reactivar la Organizaci\u00f3n del Tratado de Cooperaci\u00f3n Amaz\u00f3nica"},"content":{"rendered":"\n<p><strong>Sharm El Sheikh, Egipto.\u2013<\/strong>&nbsp;El presidente de la Rep\u00fablica Bolivariana de Venezuela, Nicol\u00e1s Maduro, considero necesario reactivar la Organizaci\u00f3n del Tratado de Cooperaci\u00f3n Amaz\u00f3nica (OTCA), en declaraciones ofrecidas a medios internacionales, desde el stand de Colombia en el Centro Internacional de Convenciones de Sharm El Sheikh.<\/p>\n\n\n\n<p>\u201cConsidero que es necesario reactivar la Organizaci\u00f3n de Tratado Amaz\u00f3nico que agrupa a todos los pa\u00edses de Suram\u00e9rica. Ah\u00ed est\u00e1n agrupados todos los pa\u00edses que tienen acceso a la Amazonia: Colombia, Brasil, Ecuador, Per\u00fa, Venezuela, Guyana, entre otras naciones\u201d, argument\u00f3 el Jefe de Estado venezolano.<\/p>\n\n\n\n<p>Indic\u00f3 que la bandera com\u00fan es salvar la selva amaz\u00f3nica, porque \u201cestamos a tiempo, han habido grandes da\u00f1os en las \u00faltimas d\u00e9cadas\u201d como parte de los \u201cefectos vinculados con el sistema capitalista depredador\u201d.<\/p>\n\n\n\n<p>En esa l\u00ednea, el Dignatario venezolano enfatiz\u00f3 que corresponde iniciar un camino de protecci\u00f3n, salvaci\u00f3n desde Suram\u00e9rica, junto al mundo, por la Amazonia.<\/p>\n\n\n\n<p>\u201cEs lo m\u00e1s importante. Es una de las responsabilidades concretas y espec\u00edficas que tenemos que cumplir. Eso lo vamos a ver ahora, un plan de acci\u00f3n\u201d, se\u00f1al\u00f3 antes de reunirse en bilateral con su par colombiano, Gustavo Petro.<\/p>\n\n\n\n<p>Consultado sobre el discurso que ofreci\u00f3 Gustavo Petro en la COP27, durante la tarde de ayer, para salvar la selva amaz\u00f3nica, el presidente Maduro indic\u00f3 que \u201cha sido uno de los discursos m\u00e1s inteligentes y de capacidad propositiva de la Cumbre\u201d.<\/p>\n\n\n\n<p><strong>Prensa Presidencial\/ Anais P\u00e9rez<\/strong><\/p>\n","protected":false},"excerpt":{"rendered":"<p>Sharm El Sheikh, Egipto.\u2013&nbsp;El presidente de la Rep\u00fablica Bolivariana de Venezuela, Nicol\u00e1s Maduro, considero necesario reactivar la Organizaci\u00f3n del Tratado de Cooperaci\u00f3n Amaz\u00f3nica (OTCA), en declaraciones ofrecidas a medios internacionales, desde el stand de Colombia en el Centro Internacional de Convenciones de Sharm El Sheikh. \u201cConsidero que es necesario reactivar la Organizaci\u00f3n de Tratado Amaz\u00f3nico [&hellip;]<\/p>\n","protected":false},"author":6,"featured_media":3985,"comment_status":"open","ping_status":"open","sticky":false,"template":"","format":"standard","meta":{"footnotes":""},"categories":[18,7],"tags":[76,40,72,73,30,38,19,20],"class_list":["post-3984","post","type-post","status-publish","format-standard","has-post-thumbnail","hentry","category-noticias-principales","category-notas-de-prensa","tag-amazonia-2","tag-colombia","tag-cop27","tag-crisis-climatica","tag-destacado","tag-diplomacia-bolivariana-de-paz","tag-nicolas-maduro","tag-venezuela"],"_links":{"self":[{"href":"https:\/\/prensapresidencialvenezuela.gob.ve\/index.php\/wp-json\/wp\/v2\/posts\/3984","targetHints":{"allow":["GET"]}}],"collection":[{"href":"https:\/\/prensapresidencialvenezuela.gob.ve\/index.php\/wp-json\/wp\/v2\/posts"}],"about":[{"href":"https:\/\/prensapresidencialvenezuela.gob.ve\/index.php\/wp-json\/wp\/v2\/types\/post"}],"author":[{"embeddable":true,"href":"https:\/\/prensapresidencialvenezuela.gob.ve\/index.php\/wp-json\/wp\/v2\/users\/6"}],"replies":[{"embeddable":true,"href":"https:\/\/prensapresidencialvenezuela.gob.ve\/index.php\/wp-json\/wp\/v2\/comments?post=3984"}],"version-history":[{"count":1,"href":"https:\/\/prensapresidencialvenezuela.gob.ve\/index.php\/wp-json\/wp\/v2\/posts\/3984\/revisions"}],"predecessor-version":[{"id":3986,"href":"https:\/\/prensapresidencialvenezuela.gob.ve\/index.php\/wp-json\/wp\/v2\/posts\/3984\/revisions\/3986"}],"wp:featuredmedia":[{"embeddable":true,"href":"https:\/\/prensapresidencialvenezuela.gob.ve\/index.php\/wp-json\/wp\/v2\/media\/3985"}],"wp:attachment":[{"href":"https:\/\/prensapresidencialvenezuela.gob.ve\/index.php\/wp-json\/wp\/v2\/media?parent=3984"}],"wp:term":[{"taxonomy":"category","embeddable":true,"href":"https:\/\/prensapresidencialvenezuela.gob.ve\/index.php\/wp-json\/wp\/v2\/categories?post=3984"},{"taxonomy":"post_tag","embeddable":true,"href":"https:\/\/prensapresidencialvenezuela.gob.ve\/index.php\/wp-json\/wp\/v2\/tags?post=3984"}],"curies":[{"name":"wp","href":"https:\/\/api.w.org\/{rel}","templated":true}]}}