{"id":3987,"date":"2022-11-08T14:20:00","date_gmt":"2022-11-08T14:20:00","guid":{"rendered":"http:\/\/172.27.0.121\/?p=3987"},"modified":"2022-11-09T18:30:15","modified_gmt":"2022-11-09T18:30:15","slug":"mandatarios-de-venezuela-y-sudafrica-sostienen-reunion-bilateral","status":"publish","type":"post","link":"https:\/\/prensapresidencialvenezuela.gob.ve\/index.php\/2022\/11\/08\/mandatarios-de-venezuela-y-sudafrica-sostienen-reunion-bilateral\/","title":{"rendered":"Mandatarios de Venezuela y Sud\u00e1frica sostienen reuni\u00f3n bilateral"},"content":{"rendered":"\n<p><strong>Sharm El Sheikh, Egipto.\u2013&nbsp;<\/strong>Los mandatarios de Venezuela y Sud\u00e1frica, Nicol\u00e1s Maduro y Cyril Ramaphosa, sostienen reuni\u00f3n bilateral, en el contexto de la XXVII Conferencia de la Convenci\u00f3n Marco de las Naciones Unidas sobre el Cambio Clim\u00e1tico (COP27), en Sharm El Sheikh, Rep\u00fablica \u00c1rabe de Egipto, en donde ratificar\u00e1n sendas visiones en com\u00fan, en aras a hacer frente a la crisis clim\u00e1tica y repasar trabajo en \u00e1reas estrat\u00e9gicas.<\/p>\n\n\n\n<p>Venezuela y Sud\u00e1frica se han caracterizado por mantener una s\u00f3lida cooperaci\u00f3n econ\u00f3mica basada en acuerdos suscritos en el Foro de Negocios Venezuela\u2013Sud\u00e1frica celebrado en 2020, destinados a las alianzas estrat\u00e9gicas en el \u00e1rea comercial, minera, petrolera, agr\u00edcola y tur\u00edstica.<\/p>\n\n\n\n<p>Las partes comparten acuerdo de colaboraci\u00f3n entre la C\u00e1mara de Comercio Venezuela Sud\u00e1frica (Vensa) y la Federaci\u00f3n de C\u00e1maras y Asociaciones de Artesanos, Micros, Peque\u00f1as y Medianas Industrias y Empresas de Venezuela (Fedeindustria).<\/p>\n\n\n\n<p>Venezuela y Sud\u00e1frica establecieron relaciones diplom\u00e1ticas el 3 de diciembre de 1993 y, desde entonces, han suscrito diversos instrumentos de cooperaci\u00f3n en las \u00e1reas pol\u00edtica, diplom\u00e1tica, comercial, energ\u00eda, petr\u00f3leo, gas y miner\u00eda, entre otros \u00e1mbitos.<\/p>\n\n\n\n<p>Entre tanto, en los \u00faltimos a\u00f1os, Venezuela y Sud\u00e1frica, adem\u00e1s de afianzar sus relaciones econ\u00f3micas, han profundizado sus v\u00ednculos de cooperaci\u00f3n y solidaridad en distintos escenarios internacionales, como el Movimiento de Pa\u00edses No Alineados (MNOAL).<\/p>\n\n\n\n<p><strong>Prensa Presidencial\/ Anais P\u00e9rez<\/strong><\/p>\n","protected":false},"excerpt":{"rendered":"<p>Sharm El Sheikh, Egipto.\u2013&nbsp;Los mandatarios de Venezuela y Sud\u00e1frica, Nicol\u00e1s Maduro y Cyril Ramaphosa, sostienen reuni\u00f3n bilateral, en el contexto de la XXVII Conferencia de la Convenci\u00f3n Marco de las Naciones Unidas sobre el Cambio Clim\u00e1tico (COP27), en Sharm El Sheikh, Rep\u00fablica \u00c1rabe de Egipto, en donde ratificar\u00e1n sendas visiones en com\u00fan, en aras a [&hellip;]<\/p>\n","protected":false},"author":6,"featured_media":3988,"comment_status":"open","ping_status":"open","sticky":false,"template":"","format":"standard","meta":{"footnotes":""},"categories":[18,7],"tags":[72,73,30,38,66,19,77,20],"class_list":["post-3987","post","type-post","status-publish","format-standard","has-post-thumbnail","hentry","category-noticias-principales","category-notas-de-prensa","tag-cop27","tag-crisis-climatica","tag-destacado","tag-diplomacia-bolivariana-de-paz","tag-egipto","tag-nicolas-maduro","tag-sudafrica","tag-venezuela"],"_links":{"self":[{"href":"https:\/\/prensapresidencialvenezuela.gob.ve\/index.php\/wp-json\/wp\/v2\/posts\/3987","targetHints":{"allow":["GET"]}}],"collection":[{"href":"https:\/\/prensapresidencialvenezuela.gob.ve\/index.php\/wp-json\/wp\/v2\/posts"}],"about":[{"href":"https:\/\/prensapresidencialvenezuela.gob.ve\/index.php\/wp-json\/wp\/v2\/types\/post"}],"author":[{"embeddable":true,"href":"https:\/\/prensapresidencialvenezuela.gob.ve\/index.php\/wp-json\/wp\/v2\/users\/6"}],"replies":[{"embeddable":true,"href":"https:\/\/prensapresidencialvenezuela.gob.ve\/index.php\/wp-json\/wp\/v2\/comments?post=3987"}],"version-history":[{"count":1,"href":"https:\/\/prensapresidencialvenezuela.gob.ve\/index.php\/wp-json\/wp\/v2\/posts\/3987\/revisions"}],"predecessor-version":[{"id":3989,"href":"https:\/\/prensapresidencialvenezuela.gob.ve\/index.php\/wp-json\/wp\/v2\/posts\/3987\/revisions\/3989"}],"wp:featuredmedia":[{"embeddable":true,"href":"https:\/\/prensapresidencialvenezuela.gob.ve\/index.php\/wp-json\/wp\/v2\/media\/3988"}],"wp:attachment":[{"href":"https:\/\/prensapresidencialvenezuela.gob.ve\/index.php\/wp-json\/wp\/v2\/media?parent=3987"}],"wp:term":[{"taxonomy":"category","embeddable":true,"href":"https:\/\/prensapresidencialvenezuela.gob.ve\/index.php\/wp-json\/wp\/v2\/categories?post=3987"},{"taxonomy":"post_tag","embeddable":true,"href":"https:\/\/prensapresidencialvenezuela.gob.ve\/index.php\/wp-json\/wp\/v2\/tags?post=3987"}],"curies":[{"name":"wp","href":"https:\/\/api.w.org\/{rel}","templated":true}]}}