{"id":39933,"date":"2026-02-01T19:41:58","date_gmt":"2026-02-01T23:41:58","guid":{"rendered":"https:\/\/prensapresidencialvenezuela.gob.ve\/?p=39933"},"modified":"2026-02-01T21:27:47","modified_gmt":"2026-02-02T01:27:47","slug":"venezuela-marca-un-hito-historico-al-exportar-la-primera-molecula-de-gas","status":"publish","type":"post","link":"https:\/\/prensapresidencialvenezuela.gob.ve\/index.php\/2026\/02\/01\/venezuela-marca-un-hito-historico-al-exportar-la-primera-molecula-de-gas\/","title":{"rendered":"Venezuela marca un hito hist\u00f3rico al exportar la primera mol\u00e9cula de gas"},"content":{"rendered":"\n<p><strong>Caracas. Venezuela.- <\/strong>La presidenta encargada de la Rep\u00fablica Bolivariana de Venezuela, Delcy Rodr\u00edguez G\u00f3mez, a trav\u00e9s de sus redes sociales anunci\u00f3 este domingo que \u201czarp\u00f3 desde Venezuela el buque Chrysopigi Lady con el 1er. cargamento de Gas Licuado de Petr\u00f3leo\u201d(GPL).<\/p>\n\n\n\n<p>Entre las l\u00edneas de su mensaje, Rodr\u00edguez manifest\u00f3 su orgullo al compartir la noticia al pa\u00eds.<\/p>\n\n\n\n<figure class=\"wp-block-image size-full\"><img fetchpriority=\"high\" decoding=\"async\" width=\"1008\" height=\"756\" src=\"https:\/\/prensapresidencialvenezuela.gob.ve\/wp-content\/uploads\/2026\/02\/WhatsApp-Image-2026-02-01-at-9.26.47-PM.jpeg\" alt=\"\" class=\"wp-image-39948\" srcset=\"https:\/\/prensapresidencialvenezuela.gob.ve\/wp-content\/uploads\/2026\/02\/WhatsApp-Image-2026-02-01-at-9.26.47-PM.jpeg 1008w, https:\/\/prensapresidencialvenezuela.gob.ve\/wp-content\/uploads\/2026\/02\/WhatsApp-Image-2026-02-01-at-9.26.47-PM-300x225.jpeg 300w, https:\/\/prensapresidencialvenezuela.gob.ve\/wp-content\/uploads\/2026\/02\/WhatsApp-Image-2026-02-01-at-9.26.47-PM-768x576.jpeg 768w\" sizes=\"(max-width: 1008px) 100vw, 1008px\" \/><\/figure>\n\n\n\n<p>La Presidenta Encargada tambi\u00e9n reconoci\u00f3 el esfuerzo de la clase trabajadora del sector hidrocarburos. Dijo con especial \u00e9nfasis: \u201cMarcamos este hito hist\u00f3rico al exportar la primera mol\u00e9cula de gas del pa\u00eds; un logro para el bienestar del pueblo venezolano\u201d.<\/p>\n\n\n\n<p>Esta acci\u00f3n viene enmarcada en los anuncios que hiciera el Presidente Constitucional, Nicol\u00e1s Maduro Moros, el pasado mes de diciembre en un Consejo Nacional de Econom\u00eda Productiva.<\/p>\n\n\n\n<figure class=\"wp-block-image size-full\"><img decoding=\"async\" width=\"1008\" height=\"756\" src=\"https:\/\/prensapresidencialvenezuela.gob.ve\/wp-content\/uploads\/2026\/02\/WhatsApp-Image-2026-02-01-at-9.26.47-PM-1.jpeg\" alt=\"\" class=\"wp-image-39949\" srcset=\"https:\/\/prensapresidencialvenezuela.gob.ve\/wp-content\/uploads\/2026\/02\/WhatsApp-Image-2026-02-01-at-9.26.47-PM-1.jpeg 1008w, https:\/\/prensapresidencialvenezuela.gob.ve\/wp-content\/uploads\/2026\/02\/WhatsApp-Image-2026-02-01-at-9.26.47-PM-1-300x225.jpeg 300w, https:\/\/prensapresidencialvenezuela.gob.ve\/wp-content\/uploads\/2026\/02\/WhatsApp-Image-2026-02-01-at-9.26.47-PM-1-768x576.jpeg 768w\" sizes=\"(max-width: 1008px) 100vw, 1008px\" \/><\/figure>\n\n\n\n<p>En este orden de ideas, durante la recepci\u00f3n de la reforma a la Ley de Hidrocarburos, con una marcha de culmin\u00f3 en el Palacio de Miraflores el pasado jueves, la presidenta (e) Delcy Rodr\u00edguez destac\u00f3 la trascendencia de esta primera exportaci\u00f3n en la historia de Venezuela y se comprometi\u00f3 a compartir con el pueblo el video de la partida de este primer buque, tal y como lo realiz\u00f3 el d\u00eda de hoy.<\/p>\n\n\n\n<p><strong>Prensa Presidencial\/Claudia Guerra M\u00e9ndez<\/strong><\/p>\n","protected":false},"excerpt":{"rendered":"<p>Caracas. Venezuela.- La presidenta encargada de la Rep\u00fablica Bolivariana de Venezuela, Delcy Rodr\u00edguez G\u00f3mez, a trav\u00e9s de sus redes sociales anunci\u00f3 este domingo que \u201czarp\u00f3 desde Venezuela el buque Chrysopigi Lady con el 1er. cargamento de Gas Licuado de Petr\u00f3leo\u201d(GPL). Entre las l\u00edneas de su mensaje, Rodr\u00edguez manifest\u00f3 su orgullo al compartir la noticia al [&hellip;]<\/p>\n","protected":false},"author":18,"featured_media":39946,"comment_status":"open","ping_status":"open","sticky":false,"template":"","format":"standard","meta":{"footnotes":""},"categories":[18,7],"tags":[1891,27,20],"class_list":["post-39933","post","type-post","status-publish","format-standard","has-post-thumbnail","hentry","category-noticias-principales","category-notas-de-prensa","tag-presidenta-encargada-delcy-rodriguez","tag-revolucion-bolivariana","tag-venezuela"],"_links":{"self":[{"href":"https:\/\/prensapresidencialvenezuela.gob.ve\/index.php\/wp-json\/wp\/v2\/posts\/39933","targetHints":{"allow":["GET"]}}],"collection":[{"href":"https:\/\/prensapresidencialvenezuela.gob.ve\/index.php\/wp-json\/wp\/v2\/posts"}],"about":[{"href":"https:\/\/prensapresidencialvenezuela.gob.ve\/index.php\/wp-json\/wp\/v2\/types\/post"}],"author":[{"embeddable":true,"href":"https:\/\/prensapresidencialvenezuela.gob.ve\/index.php\/wp-json\/wp\/v2\/users\/18"}],"replies":[{"embeddable":true,"href":"https:\/\/prensapresidencialvenezuela.gob.ve\/index.php\/wp-json\/wp\/v2\/comments?post=39933"}],"version-history":[{"count":4,"href":"https:\/\/prensapresidencialvenezuela.gob.ve\/index.php\/wp-json\/wp\/v2\/posts\/39933\/revisions"}],"predecessor-version":[{"id":39950,"href":"https:\/\/prensapresidencialvenezuela.gob.ve\/index.php\/wp-json\/wp\/v2\/posts\/39933\/revisions\/39950"}],"wp:featuredmedia":[{"embeddable":true,"href":"https:\/\/prensapresidencialvenezuela.gob.ve\/index.php\/wp-json\/wp\/v2\/media\/39946"}],"wp:attachment":[{"href":"https:\/\/prensapresidencialvenezuela.gob.ve\/index.php\/wp-json\/wp\/v2\/media?parent=39933"}],"wp:term":[{"taxonomy":"category","embeddable":true,"href":"https:\/\/prensapresidencialvenezuela.gob.ve\/index.php\/wp-json\/wp\/v2\/categories?post=39933"},{"taxonomy":"post_tag","embeddable":true,"href":"https:\/\/prensapresidencialvenezuela.gob.ve\/index.php\/wp-json\/wp\/v2\/tags?post=39933"}],"curies":[{"name":"wp","href":"https:\/\/api.w.org\/{rel}","templated":true}]}}