{"id":3998,"date":"2022-11-08T17:40:00","date_gmt":"2022-11-08T17:40:00","guid":{"rendered":"http:\/\/172.27.0.121\/?p=3998"},"modified":"2022-11-09T18:46:00","modified_gmt":"2022-11-09T18:46:00","slug":"presidente-nicolas-maduro-ante-la-plenaria-de-la-cop-27","status":"publish","type":"post","link":"https:\/\/prensapresidencialvenezuela.gob.ve\/index.php\/2022\/11\/08\/presidente-nicolas-maduro-ante-la-plenaria-de-la-cop-27\/","title":{"rendered":"Presidente Nicol\u00e1s Maduro ante la plenaria de la COP 27"},"content":{"rendered":"\n<p>\u00abHemos perdido mucho tiempo desde all\u00e1 hasta ac\u00e1; cada hora, cada mes, cada a\u00f1o de inacci\u00f3n, de vacilaci\u00f3n, de indolencia, se traduce hoy en ecosistemas destruidos, en especies extintas y en el deterioro de las condiciones de vida del planeta que nos hab\u00eda dado con tanta generosidad, pero que hoy empieza a pasar una enorme factura por los abusos cometidos\u00bb.<\/p>\n\n\n\n<p>Las palabras corresponden al presidente de la Rep\u00fablica, Nicol\u00e1s Maduro Moros, al momento de hacer uso de su derecho de palabra en la XXVII Conferencia de las Partes de la Convenci\u00f3n Marco de las Naciones Unidas sobre el Cambio Clim\u00e1tico (COP27), que se realiza del 6 al 18 de noviembre en Egipto.<\/p>\n\n\n\n<p>Descargue el discurso integro aqu\u00ed <\/p>\n\n\n\n<div data-wp-interactive=\"core\/file\" class=\"wp-block-file\"><object data-wp-bind--hidden=\"!state.hasPdfPreview\" hidden class=\"wp-block-file__embed\" data=\"https:\/\/prensapresidencialvenezuela.gob.ve\/wp-content\/uploads\/2022\/11\/Discurso-del-Presidente-Nicolas-Maduro-ante-la-plenaria-de-la-COP-27.pdf\" type=\"application\/pdf\" style=\"width:100%;height:600px\" aria-label=\"Incrustado de Incrustado de Discurso-del-Presidente-Nicolas-Maduro-ante-la-plenaria-de-la-COP-27..\"><\/object><a id=\"wp-block-file--media-cbd4466e-ada2-4d4d-8cdf-c656c66db2b8\" href=\"https:\/\/prensapresidencialvenezuela.gob.ve\/wp-content\/uploads\/2022\/11\/Discurso-del-Presidente-Nicolas-Maduro-ante-la-plenaria-de-la-COP-27.pdf\">Discurso-del-Presidente-Nicolas-Maduro-ante-la-plenaria-de-la-COP-27<\/a><a href=\"https:\/\/prensapresidencialvenezuela.gob.ve\/wp-content\/uploads\/2022\/11\/Discurso-del-Presidente-Nicolas-Maduro-ante-la-plenaria-de-la-COP-27.pdf\" class=\"wp-block-file__button\" download aria-describedby=\"wp-block-file--media-cbd4466e-ada2-4d4d-8cdf-c656c66db2b8\">Descarga<\/a><\/div>\n\n\n\n\n\n<p><\/p>\n","protected":false},"excerpt":{"rendered":"<p>\u00abHemos perdido mucho tiempo desde all\u00e1 hasta ac\u00e1; cada hora, cada mes, cada a\u00f1o de inacci\u00f3n, de vacilaci\u00f3n, de indolencia, se traduce hoy en ecosistemas destruidos, en especies extintas y en el deterioro de las condiciones de vida del planeta que nos hab\u00eda dado con tanta generosidad, pero que hoy empieza a pasar una enorme [&hellip;]<\/p>\n","protected":false},"author":6,"featured_media":4000,"comment_status":"open","ping_status":"open","sticky":false,"template":"","format":"standard","meta":{"footnotes":""},"categories":[18,8],"tags":[],"class_list":["post-3998","post","type-post","status-publish","format-standard","has-post-thumbnail","hentry","category-noticias-principales","category-notas-del-discurso"],"_links":{"self":[{"href":"https:\/\/prensapresidencialvenezuela.gob.ve\/index.php\/wp-json\/wp\/v2\/posts\/3998","targetHints":{"allow":["GET"]}}],"collection":[{"href":"https:\/\/prensapresidencialvenezuela.gob.ve\/index.php\/wp-json\/wp\/v2\/posts"}],"about":[{"href":"https:\/\/prensapresidencialvenezuela.gob.ve\/index.php\/wp-json\/wp\/v2\/types\/post"}],"author":[{"embeddable":true,"href":"https:\/\/prensapresidencialvenezuela.gob.ve\/index.php\/wp-json\/wp\/v2\/users\/6"}],"replies":[{"embeddable":true,"href":"https:\/\/prensapresidencialvenezuela.gob.ve\/index.php\/wp-json\/wp\/v2\/comments?post=3998"}],"version-history":[{"count":3,"href":"https:\/\/prensapresidencialvenezuela.gob.ve\/index.php\/wp-json\/wp\/v2\/posts\/3998\/revisions"}],"predecessor-version":[{"id":4004,"href":"https:\/\/prensapresidencialvenezuela.gob.ve\/index.php\/wp-json\/wp\/v2\/posts\/3998\/revisions\/4004"}],"wp:featuredmedia":[{"embeddable":true,"href":"https:\/\/prensapresidencialvenezuela.gob.ve\/index.php\/wp-json\/wp\/v2\/media\/4000"}],"wp:attachment":[{"href":"https:\/\/prensapresidencialvenezuela.gob.ve\/index.php\/wp-json\/wp\/v2\/media?parent=3998"}],"wp:term":[{"taxonomy":"category","embeddable":true,"href":"https:\/\/prensapresidencialvenezuela.gob.ve\/index.php\/wp-json\/wp\/v2\/categories?post=3998"},{"taxonomy":"post_tag","embeddable":true,"href":"https:\/\/prensapresidencialvenezuela.gob.ve\/index.php\/wp-json\/wp\/v2\/tags?post=3998"}],"curies":[{"name":"wp","href":"https:\/\/api.w.org\/{rel}","templated":true}]}}